{"id":959,"date":"2014-12-12T15:21:50","date_gmt":"2014-12-12T14:21:50","guid":{"rendered":"http:\/\/www.padovagrandeguerra.it\/?p=959"},"modified":"2014-12-12T18:28:47","modified_gmt":"2014-12-12T17:28:47","slug":"villa-giovanelli-di-noventa-padovana-sede-di-comando","status":"publish","type":"post","link":"https:\/\/www.padovagrandeguerra.it\/?p=959","title":{"rendered":"La Grande Guerra a Noventa Padovana"},"content":{"rendered":"<p>Non sono molte le notizie su Noventa Padovana e la Grande guerra, a parte l&#8217;episodio molto noto della <a title=\"Ruffini Alessandro, un giovane fucilato a Noventa Padovana\" href=\"https:\/\/www.padovagrandeguerra.it\/?p=234\">fucilazione del soldato Alessandro Ruffini<\/a> a opera del generale Andrea Graziani.<br \/>\nLeggiamo sul <a href=\"http:\/\/grandeguerra.comune.padova.it\/grande-guerra-padova\/padova-militare-primo-conflitto-mondiale\/\">sito del Comune di Padova<\/a> che nel 1916, durante\u00a0la cosiddetta <em>spedizione punitiva<\/em> austriaca del maggio-giugno, quando il Comando Supremo costitu\u00ec una Quinta Armata affidato al generale Pietro Frugoni, il Comando di tale armata si insedi\u00f2 a Noventa Padovana presso villa Giovanelli.<br \/>\n\u00ab<em>Noventa Padovana conter\u00e0<\/em> \u2013 scrive Donato Gallo nel volume <em>Noventa Padovana, immagini della memoria<\/em>\u00a0(Noventa Padovana, 1998) \u2013 \u00a0<em>quarantaquattro vittime tra i militari al fronte. Il paese, che nel 1916-17 aveva gi\u00e0 visto la presenza massiccia dei soldati delle forze territoriali, conosce la ritirata della II Armata dopo Caporetto,il plotone d&#8217;esecuzione e le prime incursioni aeree<\/em><span class=\"Apple-style-span\" style=\"color: #000000;\"><em>. Comandi militari anche di grande importanza hanno sede in alcune delle ville venete, vista la contiguit\u00e0 con la citt\u00e0 di Padova, proiettata dagli eventi al rango di &#8220;capitale al fronte&#8221;.<\/em>\u00bb E pi\u00f9 oltre, riferendosi a villa Giovanelli: \u00ab<em>Nel periodo della grande guerra la villa fu sede\u00a0<\/em><span class=\"Apple-style-span\"><em>di alti comandi militari (della V armata, di un corpo\u00a0inglese e, dopo Caporetto, dell\u2019VIII Corpo d\u2019armata &#8220;del Montello&#8221;.<\/em>\u00bb<\/span><\/span><\/p>\n<p>Il volume di Donato Gallo e Giancarlo Broetto,\u00a0<em>Noventa &#8211; Pagine di storia<\/em>\u00a0(Conselve 1977), riporta che villa Giovanelli \u00ab<em>fu sede del generale\u00a0Pennella e, dopo Caporetto, del gen. Enrico Caviglia dell&#8217;armata del Montello.\u00a0<\/em><span class=\"Apple-style-span\" style=\"color: #000000;\"><em>Ma fu adibita anche a pi\u00f9 prosaici usi: come depositi, convalescenziario etc.<\/em>\u00bb<br \/>\n<\/span>Lo stesso volume di Gallo-Broetto riporta quanto scrisse in quegli anni l&#8217;allora parroco di Noventa Padovana, don Giovanni Battista Celotto, nel Liber Chronicus parrocchiale a proposito della Grande Guerra. A partire dalla prima citazione: la solenne funzione per la pace ordinata dal papa Benedetto XV, che si tenne il <strong>7 febbraio 1915<\/strong> con messa solenne alle ore 10 ed esposizione del Santissimo per tutta la giornata.\u00a0Ecco gli altri\u00a0passi principali:<\/p>\n<p><strong>3 giugno 1915<\/strong><br \/>\n\u00ab<em>Corpus Domini. Si espone il SS. alla seconda Messa e lo si tiene esposto per tutta la giornata per i soldati combattenti. Tutte le famiglie che hanno soldati al fronte o nelle caserme portano una candela perch\u00e9 arda davanti al SS. In foglio particolare vengono registrati tutti i nomi dei soldati della Parrocchia e nelle funzioni dopo mezzogiorno dopo analogo discorso del Parroco, detto foglio \u00e8 riposto dal bambino Mimo Ricardo entro il Tabernacolo dell&#8217;altare del S. Cuore. La bella cerimonia lasci\u00f2 una cara impressione.<\/em>\u00bb<\/p>\n<p><strong>12 giugno<\/strong><br \/>\n\u00ab<em>Ufficio per la prima vittima della guerra: Vettore Fortunato, morto in un ospedale di Udine il 24 agosto.<\/em>\u00bb<\/p>\n<p><strong>Luglio<\/strong><br \/>\n\u00ab<em>La signora Luisa Mion stabilisce di accogliere durante le vacanze venti fanciulli figli di richiamati; a questi dar\u00e0 istruzione religiosa e fornir\u00e0 colazione e desinare. Il parroco ringrazia dall&#8217;altare la benemerita Signora.<\/em>\u00bb<\/p>\n<p><strong>3 ottobre<\/strong><br \/>\n\u00ab<em>Si fa come il solito il primo venerd\u00ec del mese consacrato al Cuore SS. di Ges\u00f9 e si fa voto di praticare la devozione del S. Cuore fino al termine della guerra per i soldati e la pace, tutti i venerd\u00ec. (&#8230;)<\/em>\u00bb<\/p>\n<p><strong>17 ottobre<\/strong><br \/>\n\u00ab<em>3a d&#8217;Ottobre: Solenne funzione per la Vittoria delle Armi Italiane coll&#8217;intervento delle Autorit\u00e0 civili ed Associazioni cattoliche. Al Vangelo il Parroco tiene discorso analogo. In fine di messa i fanciulli cantano una preghiera per i soldati, musicata dal Parroco, su parole del Prati.<\/em>\u00bb<\/p>\n<p><strong>21 Novembre<\/strong><br \/>\n\u00ab<em>Festa della Salute a spese della March. Claudia Manzoni. Si tiene esposto il SS.mo tutta la giornata e si fanno preghiere per la povera Polonia vittima della guerra. Si raccoglie per la stessa un obolo ordinato dal Papa che frutta L.80.<\/em>\u00bb<\/p>\n<p><strong>6 febbraio 1916<\/strong><br \/>\n\u00ab<em>In Municipio il deputato del Collegio On. Manzoni tiene una conferenza per prestito nazionale. Poco concorso e poco entusiasmo.<\/em>\u00bb<\/p>\n<p><strong>16-17-18 marzo<\/strong><br \/>\n\u00ab<em>Nella Parrocchia si fa il digiuno prescritto dal Papa per ottenere dal Signore il beneficio della pace.<\/em>\u00bb<\/p>\n<p><strong>29-30-31 marzo<br \/>\n<\/strong>\u00ab<em>Si dovrebbero fare le rogazioni con la tradizionale processione per territorio della Parrocchia. Essendo proibite dallo Stato Maggiore le processioni di qualunque genere, il Parroco invita il popolo alla S. Messa prima, dopo la quale si fa la processione cantando le litanie dei Santi entro la chiesa.<\/em>\u00bb<\/p>\n<p><strong>29 giugno<\/strong><br \/>\n\u00ab<em>Titolare della Chiesa S. Poetro e S. Paolo. La Messa solenne viene cantata e funziona dopo il mezzod\u00ec un cappellano militare di guarnigione a Ponte di Brenta: il teologo Martina della diocesi di Torino.<\/em>\u00bb<\/p>\n<p><strong>30 luglio<\/strong><br \/>\n\u00ab<em>Domenica VII d. Pent. Secondo la prescrizione di Benedetto XV vien fatta anche in Parrocchia di Noventa la comunione generale dei bambini per la pace.\u00bb<\/em><\/p>\n<p><strong>IV d&#8217;Ottobre<\/strong> (Fiera di Noventa)<br \/>\n\u00ab<em>&#8230;. Nelle fiere annuali grande frequenza e buoni affari, malgrado la guerra.<\/em>\u00bb<\/p>\n<p><strong>Dicembre<\/strong><br \/>\n\u00ab<em>&#8230; Nella piazza si svolgono giornalmente gli esercizi militari per i poveri giovani che debbono andare al fronte. Molti di questi frequentano la chiesa.<\/em>\u00bb<\/p>\n<p><strong>1917, Gennaio<\/strong><br \/>\n\u00ab<em>Nulla di notevole. \u00c8 consolante la presenza dei fedeli alla S. Messa e Comunione per i soldati, tutti i venerd\u00ec. Cominciano ad affluire in gran massa i soldati. La maggior parte della territoriale e nella massa provenienti dalle provincie lombarde. In genere sono buoni e religiosi.<\/em>\u00bb<\/p>\n<p><strong>Febbraio<\/strong><br \/>\n\u00ab<em>Le case sono piene zeppe di militari. La canonica diventa il loro recapito per la corrispondenza, pratiche, etc. Il Parroco istituisce per loro la S. Messa del soldato alle 11 di ogni festa; ed ogni sera per gli stessi la recita del rosario-Miserere e Benedizione con SS.mo.<\/em><br \/>\n<em> Ogni sera la Chiesa non \u00e8 capace di contenere la gran massa. Sono di vero esempio ai parrocchiani.<\/em>\u00bb<\/p>\n<p><strong>Marzo<\/strong><br \/>\n\u00ab<em>Continua l&#8217;affluenza alla chiesa e alla canonica dei soldati. Il Parroco propone loro ed ai parrocchiani di dedicare l&#8217;altare di S. Rocco a S. Antonio, acquistandone una statua per ottenere dal Santo dei miracoli la fine della guerra e l&#8217;incolumit\u00e0 dei soldati ospiti e del paese.<\/em><br \/>\n<em> La proposta riesce gradita a tutti. Ogni sera nelle S. Funzioni si raccoglie l&#8217;elemosina a questo scopo. In cinque sere si raccoglie dai soldati la somma di L. 235 e\u00a0L. 400 dai fedeli. Si acquista una statua di S. Antonio in legno presso la ditta Bordin di Padova spendendo L. 450.<\/em><br \/>\n<em> Antonio Massari all&#8217;altare di S. Bovo prepara la nicchia, un piccolo ed elegante tabernacolo in cemento: si provvedono candelieri in metallo bianco e tabelle. Totale spesa L. 1120. Il Parroco con grande concorso di fedeli benedice la statua.<\/em><br \/>\n<em> Si istituisce la Messa e Comunione anche il marted\u00ec all&#8217;altare di S. Antonio per i soldati.<\/em>\u00bb<\/p>\n<p><strong>Maggio<\/strong><br \/>\n\u00ab<em>La pia pratica del Fioretto si fa tanto alla mattina che\u00a0alla sera. I soldati della territoriale partono pel fronte. A quasi tutti il Parroco d\u00e0 unricordo. Gliufficiali comandanti che hanno la mensa alla villa Wolf invitano a cena d&#8217;addio il Parroco e le Autorit\u00e0 del paese. Scambio di gentilezze e di auguri.<\/em><br \/>\n<em> Da Milano viene dal Parroco il cognato e la sorella del defunto soldato sergente contabile Villa Orfeo per avere notizie precise riguardo alla sua morte e fanno celebrare un officio. Il soldato Villa Orfeo di stanza nella palazzina Morandi di via Ponte di Noventa affittata al Co. Revedin la mattina stessa in cui doveva ritornare al fronte, li 19 marzo, s&#8217;era suicidato con proprio fucile. Fu chiamato d&#8217;urgenza il parroco che pot\u00e8 ascoltare la confessione dell&#8217;infelice pentito e confortarlo dei carismi religiosi. Il cadavere fu tumulato nella tomba di famiglia Lazzaro.<\/em>\u00bb<\/p>\n<p><strong>Agosto<\/strong><br \/>\n\u00ab<em>La famosa nota del Papa per la Pace reca grande scalpore. Il popolo spera. I ricchi la condannano. \u00c8\u00a0difficile barcamenare fra interventisti officiali e popolo che sospira la pace.<\/em>\u00bb<\/p>\n<p><strong>Novembre<\/strong><br \/>\n\u00ab<em>La\u00a0ritirata: Caporetto. La II Armata passa per le vie del nostro paese. I soldati presentano un aspetto compassionevole. Senz&#8217;armi, vestiti male, affamati. ufficiali e soldati domandano ricovero e pane.<\/em><br \/>\n<span style=\"color: #000000;\"><em>Li 3 novembre il Generale Graziani comandante le retrovie fa fucilare presso la casa Miari abitata dal Comm. Suppiei il soldato Ruffini Alessandroda Castelfidardo. Sembra cheil Ruffini abbia tenuto uncontegno provocante davanti il generale.Il Comm. Suppiei cerc\u00f2 di difenderlo e salvarlo, ma nulla fece: fra la costernazione dei presenti e lo spavento dei soldati l&#8217;esecuzione ebbe seguito. Don Carlo Celotto fu chiamato quando ormai era cadavere: gli di\u00e8 gli Olii ss.in fronte e ne accompagn\u00f2 la salma al cimitero dove fu tumulata. Durante i mesi di novembre e dicembre il paese fu pieno zeppo di soldati ditutte l&#8217;armi. La canonica fusempre occupata da ufficiali<\/em><span style=\"color: #333333;\"><em>.<\/em>\u00bb<\/span><\/span><\/p>\n<p><span style=\"color: #000000;\"><strong>Febbraio 1918<\/strong><br \/>\n<span style=\"color: #333333;\">\u00ab<em>Gli aeroplani nemici tratto tratto fanno visita. Un po&#8217; di spavento e basta. Nella Noventana poca seriet\u00e0 da parte delle ragazze coi militari<\/em><\/span><\/span><em>.<\/em>\u00bb<\/p>\n<p><strong>Marzo<\/strong><br \/>\n<span style=\"color: #000000;\">\u00ab<em>Nella Domenica di Passione all&#8217;ora della predica quaresimale il prof. Cessi di Padova dovea accompagnare un Cappellano militare della III Armata per parlare al popolo sulla resistenza.Non si vide alcuno. Il Cessi avea avuto la proibizione del vescovo. Cos\u00ec il quaresimalista Don Carlo Celotto tenne la sua predica sul Giudizio Universale.<\/em><br \/>\n<\/span><em>Nella domenica delle palme dopole funzioni sulpiazzale della chiesa due mutilati parlarono alla popolazione raccomandando la resistenza. Poveri argomenti &#8211; poco successo.<\/em>\u00bb<\/p>\n<p><strong>Settembre<\/strong><br \/>\n<span style=\"color: #000000;\">\u00ab<em>Il parroco v\u00e0 nuovamente a Fiesole presso la sorella per venti giorni; in quella occasione fu anche a Montecatini per visitarVi la famiglia Zanon e Lazzaro profughe.<\/em><br \/>\n<em> Comincia a infierire la \u00abspagnola\u00bb: e muore un angelo di fanciulla, Biasiolo Rina di Antonio<\/em><\/span><em>.<\/em>\u00bb<\/p>\n<p><strong>Ottobre<\/strong><br \/>\n<span style=\"color: #000000;\">\u00ab<em>La spagnola fa strage. Muoiono Mimo Giulia e Mimo Riccardo* di Pietro, Beggio Maria, Furlan Elvira ed altri. Intutte le case ci sono ammalati<\/em><\/span><em>.<\/em>\u00bb<br \/>\n* Probabilmente lo stesso Mimo Riccardo che il 3 giugno 1915 aveva riposto il foglio con in nomi dei soldati di Noventa nel tabernacolo dell&#8217;altare del Sacro Cuore<\/p>\n<p><strong>Novembre<\/strong><br \/>\n<span style=\"color: #000000;\">\u00ab<em>Il sindaco proibisce la processione al cimitero nella sera dei Santi a motivo della spagnola. Parroco e cappellano giorno e notte devono correre in paese, visitare ammalati. In media ne sono a letto circa 800. Il medico interinale Dr. Condio \u00e8 assistito da un sottotenente medico, ma ce ne vorrebbero dei medici!<\/em><br \/>\n<\/span><em>I sacerdoti fanno anche da medici. La colletta per le terre invase della domenica 17 novembre frutt\u00f2 L. 350. Nella stessa domenica si tenne alle ore 10 con intervento di tutte le autorit\u00e0 civili e militari la funzione della Vittoria. Don Carlo Celotto celebr\u00f2 la Messa durante la quale si cantarono mottetti d&#8217;occasione. Il Parroco prima della Messa dai balaustri tenne discorso. Funzione grandiosa.<\/em>\u00bb<\/p>\n<p><strong>Dicembre<\/strong><br \/>\n<span style=\"color: #000000;\">\u00ab<em>Continua ad infierire la spagnola. Nella famiglia Fardellin di otto persone ne rimangono due: padre e figlio. Nel paese regna l&#8217;ansia e lo spavento. Gran concorso alla Chiesa cos\u00ec a Natale come nelle quaranta ore. Muore di groppo anche il figlio del Co. Paolino, Tenente degente all&#8217;ospedale di Padova<\/em><\/span><em>.<\/em>\u00bb<\/p>\n","protected":false},"excerpt":{"rendered":"<div class=\"mh-excerpt\"><p>Non sono molte le notizie su Noventa Padovana e la Grande guerra, a parte l&#8217;episodio molto noto della fucilazione del soldato Alessandro Ruffini a opera <a class=\"mh-excerpt-more\" href=\"https:\/\/www.padovagrandeguerra.it\/?p=959\" title=\"La Grande Guerra a Noventa Padovana\">[&#8230;]<\/a><\/p>\n<\/div>","protected":false},"author":1,"featured_media":978,"comment_status":"open","ping_status":"open","sticky":false,"template":"","format":"standard","meta":[],"categories":[66,42,77],"tags":[127,43,126],"views":9455,"_links":{"self":[{"href":"https:\/\/www.padovagrandeguerra.it\/index.php?rest_route=\/wp\/v2\/posts\/959"}],"collection":[{"href":"https:\/\/www.padovagrandeguerra.it\/index.php?rest_route=\/wp\/v2\/posts"}],"about":[{"href":"https:\/\/www.padovagrandeguerra.it\/index.php?rest_route=\/wp\/v2\/types\/post"}],"author":[{"embeddable":true,"href":"https:\/\/www.padovagrandeguerra.it\/index.php?rest_route=\/wp\/v2\/users\/1"}],"replies":[{"embeddable":true,"href":"https:\/\/www.padovagrandeguerra.it\/index.php?rest_route=%2Fwp%2Fv2%2Fcomments&post=959"}],"version-history":[{"count":24,"href":"https:\/\/www.padovagrandeguerra.it\/index.php?rest_route=\/wp\/v2\/posts\/959\/revisions"}],"predecessor-version":[{"id":984,"href":"https:\/\/www.padovagrandeguerra.it\/index.php?rest_route=\/wp\/v2\/posts\/959\/revisions\/984"}],"wp:featuredmedia":[{"embeddable":true,"href":"https:\/\/www.padovagrandeguerra.it\/index.php?rest_route=\/wp\/v2\/media\/978"}],"wp:attachment":[{"href":"https:\/\/www.padovagrandeguerra.it\/index.php?rest_route=%2Fwp%2Fv2%2Fmedia&parent=959"}],"wp:term":[{"taxonomy":"category","embeddable":true,"href":"https:\/\/www.padovagrandeguerra.it\/index.php?rest_route=%2Fwp%2Fv2%2Fcategories&post=959"},{"taxonomy":"post_tag","embeddable":true,"href":"https:\/\/www.padovagrandeguerra.it\/index.php?rest_route=%2Fwp%2Fv2%2Ftags&post=959"}],"curies":[{"name":"wp","href":"https:\/\/api.w.org\/{rel}","templated":true}]}}