{"id":923,"date":"2014-11-15T10:32:08","date_gmt":"2014-11-15T09:32:08","guid":{"rendered":"http:\/\/www.padovagrandeguerra.it\/?p=923"},"modified":"2014-11-15T10:40:55","modified_gmt":"2014-11-15T09:40:55","slug":"in-guerra-a-diciotto-anni","status":"publish","type":"post","link":"https:\/\/www.padovagrandeguerra.it\/?p=923","title":{"rendered":"Da Fontaniva al fronte a diciotto anni"},"content":{"rendered":"<p><span class=\"Apple-style-span\" style=\"color: #000000;\"><b>Giovanni Munari<br \/>\n<\/b><strong style=\"font-weight: bold;\"><span style=\"color: #993300;\">In guerra a diciotto anni<\/span><br \/>\n<\/strong>Il diario di guerra di un ragazzo del &#8217;99<br \/>\n<\/span><em style=\"font-style: italic;\">Fontaniva\u00a0(PD)\u00a02002<\/em><\/p>\n<p>Parte da Fontaniva nel 1917 Giovanni Munari, ragazzo del &#8217;99, ultima generazione chiamata alle armi e frettolosamente inviata al fronte, a 18 anni non ancora compiuti, per contrastare l&#8217;avanzata austroungarica nei giorni successivi a Caporetto.<br \/>\n<a href=\"https:\/\/www.padovagrandeguerra.it\/wp-content\/uploads\/2014\/11\/In-guerra-a-18-anni-cop.jpg\"><img loading=\"lazy\" class=\"alignright wp-image-924 size-medium\" src=\"https:\/\/www.padovagrandeguerra.it\/wp-content\/uploads\/2014\/11\/In-guerra-a-18-anni-cop-214x300.jpg\" alt=\"In-guerra-a-18-anni-cop\" width=\"214\" height=\"300\" srcset=\"https:\/\/www.padovagrandeguerra.it\/wp-content\/uploads\/2014\/11\/In-guerra-a-18-anni-cop-214x300.jpg 214w, https:\/\/www.padovagrandeguerra.it\/wp-content\/uploads\/2014\/11\/In-guerra-a-18-anni-cop.jpg 506w\" sizes=\"(max-width: 214px) 100vw, 214px\" \/><\/a>Nella grande e prezioso filone della memorialistica dei reduci dalla Grande Guerra, quest&#8217;opera si segnala per la freschezza che nasce dagli appunti trascritti su un diario scrupolosamente tenuto dall&#8217;autore durante tutto il periodo dell&#8217;arruolamento, dell&#8217;avvicinamento al fronte, la prigionia e il ritorno a casa.\u00a0Decenni dopo quei tragici giorni, a settant&#8217;anni Munari riprende i suoi scritti e li trascrive con una rielaborazione fedele che ci fa rivivere, in modo che pu\u00f2 sorprendere, la quotidianit\u00e0 di un giovinetto di campagna che ha fatto appena le elementari messo di fronte ad avvenimenti di portata enorme: le speranze, le paure, il coraggio, l&#8217;orrore, la sopravvivenza, la gioia del ritorno. E un nemico che non viene mai dipinto come tale, perch\u00e9 prevale, anche nei giorni dell&#8217;orrore, la consapevolezza che al di l\u00e0 dei reticolati vi sono altri uomini e altre vittime; pi\u00f9 che con loro, Munari e \u00a0i suoi compagni sembrano prendersela con i propri ufficiali e i loro ordini che non di rado paiono insensati ed espongono a pericoli\u00a0evitabili.<\/p>\n<p>Giovanni Munar i muore nel 1982. Nella prefazione al suo diario, datata 1969, scrive:<\/p>\n<blockquote><p>&#8220;&#8230;Come povero e umile uomo di questo mondo ho un certo orgoglio di aver fatto la guerra 1915-1918, non gi\u00e0 perch\u00e9 la guerra piaccia, sarebbe un sentimento insensato, ma perch\u00e9 penso che i sacrifici e patimenti in essa subiti abbiano un valore nella vita, anche se pu\u00f2 sembrare il contrario.<br \/>\nFaccio presente che tutto ci\u00f2 che racconto risponde a verit\u00e0, senza nessuna aggiunta di fantasia.&#8221;<\/p><\/blockquote>\n<p>Il commento finale del generale <strong>Luigi Gratton<\/strong> aiuta a contestualizzare il racconto e a comprendere &#8220;a posteriori&#8221; quanto\u00a0viene raccontato.<br \/>\nLa foto di copertina, che abbiamo inserito\u00a0anche in questo post, \u00e8 stata concessa ai curatori del volume da\u00a0Claudio Beneggi.<\/p>\n<p>&nbsp;<\/p>\n","protected":false},"excerpt":{"rendered":"<div class=\"mh-excerpt\"><p>Giovanni Munari In guerra a diciotto anni Il diario di guerra di un ragazzo del &#8217;99 Fontaniva\u00a0(PD)\u00a02002 Parte da Fontaniva nel 1917 Giovanni Munari, ragazzo <a class=\"mh-excerpt-more\" href=\"https:\/\/www.padovagrandeguerra.it\/?p=923\" title=\"Da Fontaniva al fronte a diciotto anni\">[&#8230;]<\/a><\/p>\n<\/div>","protected":false},"author":1,"featured_media":925,"comment_status":"open","ping_status":"open","sticky":false,"template":"","format":"standard","meta":[],"categories":[84,3,77],"tags":[210],"views":5358,"_links":{"self":[{"href":"https:\/\/www.padovagrandeguerra.it\/index.php?rest_route=\/wp\/v2\/posts\/923"}],"collection":[{"href":"https:\/\/www.padovagrandeguerra.it\/index.php?rest_route=\/wp\/v2\/posts"}],"about":[{"href":"https:\/\/www.padovagrandeguerra.it\/index.php?rest_route=\/wp\/v2\/types\/post"}],"author":[{"embeddable":true,"href":"https:\/\/www.padovagrandeguerra.it\/index.php?rest_route=\/wp\/v2\/users\/1"}],"replies":[{"embeddable":true,"href":"https:\/\/www.padovagrandeguerra.it\/index.php?rest_route=%2Fwp%2Fv2%2Fcomments&post=923"}],"version-history":[{"count":5,"href":"https:\/\/www.padovagrandeguerra.it\/index.php?rest_route=\/wp\/v2\/posts\/923\/revisions"}],"predecessor-version":[{"id":930,"href":"https:\/\/www.padovagrandeguerra.it\/index.php?rest_route=\/wp\/v2\/posts\/923\/revisions\/930"}],"wp:featuredmedia":[{"embeddable":true,"href":"https:\/\/www.padovagrandeguerra.it\/index.php?rest_route=\/wp\/v2\/media\/925"}],"wp:attachment":[{"href":"https:\/\/www.padovagrandeguerra.it\/index.php?rest_route=%2Fwp%2Fv2%2Fmedia&parent=923"}],"wp:term":[{"taxonomy":"category","embeddable":true,"href":"https:\/\/www.padovagrandeguerra.it\/index.php?rest_route=%2Fwp%2Fv2%2Fcategories&post=923"},{"taxonomy":"post_tag","embeddable":true,"href":"https:\/\/www.padovagrandeguerra.it\/index.php?rest_route=%2Fwp%2Fv2%2Ftags&post=923"}],"curies":[{"name":"wp","href":"https:\/\/api.w.org\/{rel}","templated":true}]}}