{"id":77,"date":"2014-05-28T20:27:05","date_gmt":"2014-05-28T18:27:05","guid":{"rendered":"http:\/\/www.padovagrandeguerra.it\/?p=77"},"modified":"2016-07-12T08:00:59","modified_gmt":"2016-07-12T06:00:59","slug":"cesare-battisti","status":"publish","type":"post","link":"https:\/\/www.padovagrandeguerra.it\/?p=77","title":{"rendered":"Cesare Battisti"},"content":{"rendered":"<p>Eroe nazionale italiano, nato\u00a0a Trento nel 1875, quando la citt\u00e0 era parte dell\u2019impero austroungarico, fu uno dei pi\u00f9 celebri politici e patrioti irredentisti italiani. La sua figura era molto nota a Padova, citt\u00e0 in cui aveva partecipato a un importante convegno interventista nel 1915 e che gli dedic\u00f2 ben presto una delle principali vie del centro cittadino, mutando nome a quella che da pochi anni era stata nominata via Cassa di Risparmio. E non a caso fu suo cognato, Giovan Battista Trener (1877-1954), al quale assomigliava anche fisicamente, ad assumere il compito di traduttore tra i plenipotenziari italiani e austriaci durante la trattativa per l&#8217;armistizio di villa Giusti.<\/p>\n<figure id=\"attachment_78\" aria-describedby=\"caption-attachment-78\" style=\"width: 149px\" class=\"wp-caption alignright\"><a href=\"https:\/\/www.padovagrandeguerra.it\/wp-content\/uploads\/2014\/05\/Cesare-Battisti-guerra-e1401301909142.jpg\"><img loading=\"lazy\" class=\"wp-image-78 size-medium\" src=\"https:\/\/www.padovagrandeguerra.it\/wp-content\/uploads\/2014\/05\/Cesare-Battisti-guerra-149x300.jpg\" alt=\"Cesare-Battisti-guerra\" width=\"149\" height=\"300\" \/><\/a><figcaption id=\"caption-attachment-78\" class=\"wp-caption-text\">Le immagini di questa pagina &#8211; in alto Cesare Battisti al patibolo e qui sopra in divisa militare &#8211; sono state prese da Wikipedia.<\/figcaption><\/figure>\n<p>Cesare Battisti frequent\u00f2 l\u2019universit\u00e0 a Firenze, dove si laure\u00f2 in Lettere e poi in Geografia. Si interess\u00f2 dei diritti dei lavoratori e nel 1896 fond\u00f2 e diresse il periodico \u00abL&#8217;avvenire del lavoratore\u00bb, poi il quotidiano socialista \u00abIl popolo\u00bb e il settimanale \u00abVita trentina\u00bb. Nel 1911 fu\u00a0eletto deputato al parlamento di Vienna e nel 1914 alla Dieta di Innsbruck, per far valere la causa trentina.<br \/>\nAllo scoppio della guerra mondiale torn\u00f2 in Italia dove promosse\u00a0l\u2019ingresso italiano nel conflitto contro l\u2019impero asburgico. Quando questo avvenne, si arruol\u00f2 volontario e combatt\u00e8 nel Battaglione Alpini Edolo, 50\u00aa Compagnia. Nell&#8217;agosto del 1915 ricevette un encomio solenne. Dopo un periodo al passo del Tonale, promosso capitano, fu\u00a0trasferito al Battaglione Vicenza del 4\u00ba Reggimento Alpini. Oper\u00f2 sul Monte Baldo e sul Pasubio. Nel maggio 1916 fu\u00a0a Malga Campobrun, mentre il 10 luglio partecip\u00f2 al tentativo di occupare il monte Corno, dove venne\u00a0fatto prigioniero. Riconosciuto e condotto a Trento, fu\u00a0incarcerato nel castello del Buonconsiglio\u00a0e\u00a0processato come traditore &#8211; accusa che rifiut\u00f2 chiedendo di essere considerato un soldato prigioniero &#8211; e condannato all\u2019impiccagione, non alla fucilazione come sarebbe spettato a un soldato. Mor\u00ec\u00a0il 12 luglio 1916.<\/p>\n<p>Con la seguente motivazione gli fu\u00a0concessa la medaglia d&#8217;oro al valor militare:<\/p>\n<blockquote><p><em>Esempio costante di fulgido valor militare, il 10 luglio 1916, dopo aver condotto all&#8217;attacco, con mirabile slancio, la propria compagnia, sopraffatto dal nemico soverchiante, resistette con pochi alpini, fino all&#8217;estremo, finch\u00e9 tra l&#8217;incerto tentativo di salvarsi voltando il tergo al nemico ed il sicuro martirio, scelse il martirio. Affront\u00f2 il capestro austriaco con dignit\u00e0 e fierezza, gridando prima di esalare l&#8217;ultimo respiro: \u00abViva l&#8217;Italia!\u00bb e infondendo cos\u00ec con quel grido e col proprio sacrificio, sante e nuove energie nei combattenti d&#8217;Italia.<\/em><\/p><\/blockquote>\n<p>La montagna in cui fu catturato oggi \u00e8 chiamata monte Corno Battisti. La salma, riesumata nel novembre 1918 e trasferita al cimitero militare, il 24 maggio 1935 fu traslata nel Mausoleo della Verruca di Trento, dove oggi si trova.<\/p>\n","protected":false},"excerpt":{"rendered":"<div class=\"mh-excerpt\"><p>Eroe nazionale italiano, nato\u00a0a Trento nel 1875, quando la citt\u00e0 era parte dell\u2019impero austroungarico, fu uno dei pi\u00f9 celebri politici e patrioti irredentisti italiani. La <a class=\"mh-excerpt-more\" href=\"https:\/\/www.padovagrandeguerra.it\/?p=77\" title=\"Cesare Battisti\">[&#8230;]<\/a><\/p>\n<\/div>","protected":false},"author":1,"featured_media":80,"comment_status":"open","ping_status":"open","sticky":false,"template":"","format":"standard","meta":[],"categories":[4],"tags":[17,10],"views":5548,"_links":{"self":[{"href":"https:\/\/www.padovagrandeguerra.it\/index.php?rest_route=\/wp\/v2\/posts\/77"}],"collection":[{"href":"https:\/\/www.padovagrandeguerra.it\/index.php?rest_route=\/wp\/v2\/posts"}],"about":[{"href":"https:\/\/www.padovagrandeguerra.it\/index.php?rest_route=\/wp\/v2\/types\/post"}],"author":[{"embeddable":true,"href":"https:\/\/www.padovagrandeguerra.it\/index.php?rest_route=\/wp\/v2\/users\/1"}],"replies":[{"embeddable":true,"href":"https:\/\/www.padovagrandeguerra.it\/index.php?rest_route=%2Fwp%2Fv2%2Fcomments&post=77"}],"version-history":[{"count":6,"href":"https:\/\/www.padovagrandeguerra.it\/index.php?rest_route=\/wp\/v2\/posts\/77\/revisions"}],"predecessor-version":[{"id":2217,"href":"https:\/\/www.padovagrandeguerra.it\/index.php?rest_route=\/wp\/v2\/posts\/77\/revisions\/2217"}],"wp:featuredmedia":[{"embeddable":true,"href":"https:\/\/www.padovagrandeguerra.it\/index.php?rest_route=\/wp\/v2\/media\/80"}],"wp:attachment":[{"href":"https:\/\/www.padovagrandeguerra.it\/index.php?rest_route=%2Fwp%2Fv2%2Fmedia&parent=77"}],"wp:term":[{"taxonomy":"category","embeddable":true,"href":"https:\/\/www.padovagrandeguerra.it\/index.php?rest_route=%2Fwp%2Fv2%2Fcategories&post=77"},{"taxonomy":"post_tag","embeddable":true,"href":"https:\/\/www.padovagrandeguerra.it\/index.php?rest_route=%2Fwp%2Fv2%2Ftags&post=77"}],"curies":[{"name":"wp","href":"https:\/\/api.w.org\/{rel}","templated":true}]}}