{"id":664,"date":"2014-09-07T09:11:12","date_gmt":"2014-09-07T07:11:12","guid":{"rendered":"http:\/\/www.padovagrandeguerra.it\/?p=664"},"modified":"2015-08-19T14:54:02","modified_gmt":"2015-08-19T12:54:02","slug":"il-capitano-santo-guido-negri","status":"publish","type":"post","link":"https:\/\/www.padovagrandeguerra.it\/?p=664","title":{"rendered":"Il &#8220;capitano santo&#8221;, Guido Negri"},"content":{"rendered":"<p>Era nativo di Este il &#8220;capitano santo&#8221;, Guido Negri, che merit\u00f2 quell&#8217;appellativo per un episodio accaduto\u00a0nel pomeriggio del 20 agosto 1915 e che fu ripreso dalla stampa cattolica italiana e internazionale. Dopo una notte di veglia e una mattinata di lavoro sulle trincee del monte Piana giunse alle tre del pomeriggio a ricevere la comunione dal cappellano militare. Lo racconta cos\u00ec Gastone Paccanaro:<\/p>\n<p><span class=\"Apple-style-span\" style=\"color: #000000;\">\u00ab<span class=\"Apple-style-span\">&#8220;<i>Spero<\/i>\u00a0&#8211; disse il Cappellano &#8211;\u00a0<i>che non avr\u00e0 voluto rimanere digiuno fino a quest&#8217;ora&#8230;<\/i>&#8220;.<br \/>\n<\/span><\/span>&#8220;<i>S\u00ec, sono digiuno\u00a0<\/i>&#8211; rispose il Tenente &#8211;\u00a0<i>ma la Santa Comunione basta da s\u00e9 sola a saziare la mia fame<\/i>&#8220;.<br \/>\nE ricevette la Santa Comunione.<br \/>\nAll&#8217;appuntamento, nell&#8217;ora sacra della morte di Ges\u00f9, l&#8217;Ufficiale era giunto dopo aver vegliato tutta la notte con i suoi soldati, con i quali, per tutta la mattina seguente aveva lavorato a rafforzare le trincee e dopo aver camminato per picchi e rocce scoscese per almeno un paio d&#8217;ore.&#8221;\u00bb<\/p>\n<p>Al di l\u00e0 di quest&#8217;episodio che gli dette celebrit\u00e0, Guido Negri \u00e8 una figura di grande interesse per la sua storia di combattente e per la sua spiritualit\u00e0 che lo port\u00f2 a essere protagonista di una causa di beatificazione della chiesa padovana, che non and\u00f2 a buon fine. Era nato nella cittadina euganea il 25 agosto 1888, orfano di padre e ultimo di 12 fratelli. Il suo sentimento religioso e patriottico fu chiaro fin dalla giovinezza e lo portarono da un lato a far parte della Societ\u00e0 della Giovent\u00f9 Cattolica e, discepolo di quello ce diventer\u00e0 san Leopoldo, a entrare tra i terziari domenicani, dall&#8217;altro lato a prendere parte con fervore alle guerre in cui l&#8217;Italia si trovava impegnata indossando quella divisa che defin\u00ec &#8220;la veste nusiale della Patria&#8221;.<\/p>\n<p><a href=\"https:\/\/www.padovagrandeguerra.it\/wp-content\/uploads\/2014\/09\/Un-Capitano_santo.jpg\"><img loading=\"lazy\" class=\"alignright wp-image-666 size-medium\" src=\"https:\/\/www.padovagrandeguerra.it\/wp-content\/uploads\/2014\/09\/Un-Capitano_santo-198x300.jpg\" alt=\"Un-Capitano_santo\" width=\"198\" height=\"300\" srcset=\"https:\/\/www.padovagrandeguerra.it\/wp-content\/uploads\/2014\/09\/Un-Capitano_santo-198x300.jpg 198w, https:\/\/www.padovagrandeguerra.it\/wp-content\/uploads\/2014\/09\/Un-Capitano_santo.jpg 468w\" sizes=\"(max-width: 198px) 100vw, 198px\" \/><\/a>Richiamato per la terza volta nell&#8217;esercito dopo la leva e, nel 1911-12, la guerra italo-turca, con il grado di capitano fu\u00a0inviato, bench\u00e9 convalescente da una lunga malattia, con il 55\u00b0 Fanteria sul monte Piana. Ricoverato nuovamente per la febbre alta, durante la successiva convalescenza di laurea in lettere a Padova. Nel 1916 torna al fronte nella 5a Compagnia del 228\u00b0 Regimento nella neo costituita Brigata Rovigo. Muore il 27 giugno 1916, colpito dal fuoco nemico mentre risale le pendici del monte Colombara.<\/p>\n<p>Il 3 giugno del 1917 gli viene conferita la <a href=\"https:\/\/www.padovagrandeguerra.it\/?p=104\">Medaglia d&#8217;Argento al Valor militare<\/a>, mentre solo nel 1934 la sua salma viene traslata dal cimitero di Gallio a quello di Este. Su di lui esiste una biografia, scritta da don Giuseppe Ghidaudo.<br \/>\nDurante la Seconda guerra mondiale, una nota brigata partigiana padovana fu intitolata al suo nome.<\/p>\n<p>&nbsp;<\/p>\n<p><em>PS: questa scheda su Guido Negri \u00e8 provvisoria e pu\u00f2 essere integrata e ampliata anche con altre schede di approfondimento di chi vorr\u00e0 contribuire.<\/em><\/p>\n","protected":false},"excerpt":{"rendered":"<div class=\"mh-excerpt\"><p>Era nativo di Este il &#8220;capitano santo&#8221;, Guido Negri, che merit\u00f2 quell&#8217;appellativo per un episodio accaduto\u00a0nel pomeriggio del 20 agosto 1915 e che fu ripreso <a class=\"mh-excerpt-more\" href=\"https:\/\/www.padovagrandeguerra.it\/?p=664\" title=\"Il &#8220;capitano santo&#8221;, Guido Negri\">[&#8230;]<\/a><\/p>\n<\/div>","protected":false},"author":1,"featured_media":665,"comment_status":"open","ping_status":"open","sticky":false,"template":"","format":"standard","meta":[],"categories":[64,193,4,42],"tags":[95,20,94,93],"views":11987,"_links":{"self":[{"href":"https:\/\/www.padovagrandeguerra.it\/index.php?rest_route=\/wp\/v2\/posts\/664"}],"collection":[{"href":"https:\/\/www.padovagrandeguerra.it\/index.php?rest_route=\/wp\/v2\/posts"}],"about":[{"href":"https:\/\/www.padovagrandeguerra.it\/index.php?rest_route=\/wp\/v2\/types\/post"}],"author":[{"embeddable":true,"href":"https:\/\/www.padovagrandeguerra.it\/index.php?rest_route=\/wp\/v2\/users\/1"}],"replies":[{"embeddable":true,"href":"https:\/\/www.padovagrandeguerra.it\/index.php?rest_route=%2Fwp%2Fv2%2Fcomments&post=664"}],"version-history":[{"count":3,"href":"https:\/\/www.padovagrandeguerra.it\/index.php?rest_route=\/wp\/v2\/posts\/664\/revisions"}],"predecessor-version":[{"id":686,"href":"https:\/\/www.padovagrandeguerra.it\/index.php?rest_route=\/wp\/v2\/posts\/664\/revisions\/686"}],"wp:featuredmedia":[{"embeddable":true,"href":"https:\/\/www.padovagrandeguerra.it\/index.php?rest_route=\/wp\/v2\/media\/665"}],"wp:attachment":[{"href":"https:\/\/www.padovagrandeguerra.it\/index.php?rest_route=%2Fwp%2Fv2%2Fmedia&parent=664"}],"wp:term":[{"taxonomy":"category","embeddable":true,"href":"https:\/\/www.padovagrandeguerra.it\/index.php?rest_route=%2Fwp%2Fv2%2Fcategories&post=664"},{"taxonomy":"post_tag","embeddable":true,"href":"https:\/\/www.padovagrandeguerra.it\/index.php?rest_route=%2Fwp%2Fv2%2Ftags&post=664"}],"curies":[{"name":"wp","href":"https:\/\/api.w.org\/{rel}","templated":true}]}}