{"id":2578,"date":"2018-05-30T19:14:06","date_gmt":"2018-05-30T17:14:06","guid":{"rendered":"http:\/\/www.padovagrandeguerra.it\/?p=2578"},"modified":"2018-05-30T19:25:29","modified_gmt":"2018-05-30T17:25:29","slug":"conferenza-e-mostra-la-battaglia-del-solstizio","status":"publish","type":"post","link":"https:\/\/www.padovagrandeguerra.it\/?p=2578","title":{"rendered":"Conferenza e mostra: La battaglia del Solstizio e &#8220;L&#8217;esercito di carta&#8221;"},"content":{"rendered":"<p>Continuano al <a href=\"https:\/\/www.padovagrandeguerra.it\/?p=2023\">Museo della Terza Armata<\/a> di Padova le iniziative organizzate dall&#8217;<a href=\"https:\/\/www.padovagrandeguerra.it\/?p=355\">Ass. Nazionale Combattenti e Reduci di Padova<\/a> sul tema della Grande Guerra.<\/p>\n<p><strong>Gioved\u00ec 31 maggio 2018, alle ore 18.00<br \/>\n<span style=\"color: #993300;\">La Battaglia del Solstizio<\/span><br \/>\n<\/strong>Relatore: Paolo Pozzato<\/p>\n<p>\u00c8 la volta anche di una interessante mostra, sempre ospitata nelle sale del museo:<\/p>\n<p><strong><span style=\"color: #993300;\">L&#8217;esercito di carta. Brigate e soldati italiani<\/span><br \/>\nAperta dal 27 maggio al 24 giugno 2018<\/strong><\/p>\n<p><em>Sede: Museo della Terza Armata in via Altinate 59 (Padova &#8211; Palazzo Camerini). <\/em><em>Ingresso libero.<br \/>\nOrari: dal marted\u00ec al gioved\u00ec ore 9.00-12.00 e 14.00-17.30; venerd\u00ec ore 9.00-13.00; domenica 9.30-12.30 e 15.30-18.30. Chiuso sabato e luned\u00ec.<\/em><\/p>\n<p><img loading=\"lazy\" class=\"size-medium wp-image-2582 alignleft\" src=\"https:\/\/www.padovagrandeguerra.it\/wp-content\/uploads\/2018\/05\/conf-31maggio18-210x300.jpg\" alt=\"\" width=\"210\" height=\"300\" srcset=\"https:\/\/www.padovagrandeguerra.it\/wp-content\/uploads\/2018\/05\/conf-31maggio18-210x300.jpg 210w, https:\/\/www.padovagrandeguerra.it\/wp-content\/uploads\/2018\/05\/conf-31maggio18.jpg 448w\" sizes=\"(max-width: 210px) 100vw, 210px\" \/> <img loading=\"lazy\" class=\"size-medium wp-image-2583 alignright\" src=\"https:\/\/www.padovagrandeguerra.it\/wp-content\/uploads\/2018\/05\/mostra-Esercito-di-carta-210x300.jpg\" alt=\"\" width=\"210\" height=\"300\" srcset=\"https:\/\/www.padovagrandeguerra.it\/wp-content\/uploads\/2018\/05\/mostra-Esercito-di-carta-210x300.jpg 210w, https:\/\/www.padovagrandeguerra.it\/wp-content\/uploads\/2018\/05\/mostra-Esercito-di-carta.jpg 661w\" sizes=\"(max-width: 210px) 100vw, 210px\" \/><\/p>\n","protected":false},"excerpt":{"rendered":"<div class=\"mh-excerpt\"><p>Continuano al Museo della Terza Armata di Padova le iniziative organizzate dall&#8217;Ass. Nazionale Combattenti e Reduci di Padova sul tema della Grande Guerra. Gioved\u00ec 31 <a class=\"mh-excerpt-more\" href=\"https:\/\/www.padovagrandeguerra.it\/?p=2578\" title=\"Conferenza e mostra: La battaglia del Solstizio e &#8220;L&#8217;esercito di carta&#8221;\">[&#8230;]<\/a><\/p>\n<\/div>","protected":false},"author":1,"featured_media":2586,"comment_status":"open","ping_status":"open","sticky":false,"template":"","format":"standard","meta":[],"categories":[13,188,41,42,77],"tags":[166,108],"views":2656,"_links":{"self":[{"href":"https:\/\/www.padovagrandeguerra.it\/index.php?rest_route=\/wp\/v2\/posts\/2578"}],"collection":[{"href":"https:\/\/www.padovagrandeguerra.it\/index.php?rest_route=\/wp\/v2\/posts"}],"about":[{"href":"https:\/\/www.padovagrandeguerra.it\/index.php?rest_route=\/wp\/v2\/types\/post"}],"author":[{"embeddable":true,"href":"https:\/\/www.padovagrandeguerra.it\/index.php?rest_route=\/wp\/v2\/users\/1"}],"replies":[{"embeddable":true,"href":"https:\/\/www.padovagrandeguerra.it\/index.php?rest_route=%2Fwp%2Fv2%2Fcomments&post=2578"}],"version-history":[{"count":8,"href":"https:\/\/www.padovagrandeguerra.it\/index.php?rest_route=\/wp\/v2\/posts\/2578\/revisions"}],"predecessor-version":[{"id":2589,"href":"https:\/\/www.padovagrandeguerra.it\/index.php?rest_route=\/wp\/v2\/posts\/2578\/revisions\/2589"}],"wp:featuredmedia":[{"embeddable":true,"href":"https:\/\/www.padovagrandeguerra.it\/index.php?rest_route=\/wp\/v2\/media\/2586"}],"wp:attachment":[{"href":"https:\/\/www.padovagrandeguerra.it\/index.php?rest_route=%2Fwp%2Fv2%2Fmedia&parent=2578"}],"wp:term":[{"taxonomy":"category","embeddable":true,"href":"https:\/\/www.padovagrandeguerra.it\/index.php?rest_route=%2Fwp%2Fv2%2Fcategories&post=2578"},{"taxonomy":"post_tag","embeddable":true,"href":"https:\/\/www.padovagrandeguerra.it\/index.php?rest_route=%2Fwp%2Fv2%2Ftags&post=2578"}],"curies":[{"name":"wp","href":"https:\/\/api.w.org\/{rel}","templated":true}]}}