{"id":2381,"date":"2017-09-24T09:52:35","date_gmt":"2017-09-24T07:52:35","guid":{"rendered":"http:\/\/www.padovagrandeguerra.it\/?p=2381"},"modified":"2017-09-24T09:55:40","modified_gmt":"2017-09-24T07:55:40","slug":"il-libro-limena-e-la-grande-guerra","status":"publish","type":"post","link":"https:\/\/www.padovagrandeguerra.it\/?p=2381","title":{"rendered":"Il libro: Limena e la Grande Guerra"},"content":{"rendered":"<p><strong>Renato Martinello<\/strong><br \/>\n<span style=\"color: #800000;\"><strong>Limena &#8211; La Grande Guerra<\/strong><\/span><br \/>\n<em>Imprimenda editore, pag. 242<\/em><\/p>\n<p>Renato Martinello ha curato un dettagliato volume, uscito a dicembre 2016, che ripercorre la storia di Limena durante la Grande Guerra e ricorda i suoi caduti. Nelle oltre 200 pagine si &#8220;respira&#8221; il clima di attesa, di preoccupazione e poi si sollievo degli abitanti dell&#8217;allora piccolo borgo, primo comune proveniendo da Padova lungo la strada verso Trento e la Valsugana.<\/p>\n<p>La posizione geografica non \u00e8 un dettaglio: sia durante la cosiddetta &#8220;spedizione punitiva&#8221; del giugno 1916 che port\u00f2 gli austroungarici ad Asiago e alle porte della pianura, sia dopo Caporetto con l&#8217;ipotesi di arretrare la linea del fronte fino al Brenta, che scorre a pochi metri dal centro del paese, il rischio di un coinvolgimento diretto di Limena nelle operazioni belliche era reale. E Limena, per tutto il periodo della guerra, diventa luogo militare importante, ospita soldati, un ospedale da campo e un ospedale militare. Dopo Caporetto, la linea oltre la quale per muoversi serve il passaporto per zone di guerra, corre appena a nord del paese&#8230;<\/p>\n<p>Si scoprono tante cose, storie e episodi, leggendo lo studio di Martinello, che scrive in modo chiaro e leggibile in modo che sia facile per tutti comprendere vicende cos\u00ec lontane ma anche cos\u00ec tanto vicine nel tempo. E, per rendere pi\u00f9 chiaro li tutto, correda il volume di un importante apparato fotografico dedicato in gran parte ai documenti ufficiali riguardanti la vita del comune e dei soldati. C&#8217;\u00e8 anche, nel dettaglio, la tormentata vicenda dell&#8217;inaugurazione del monumento ai Caduti e del viale della Rimembranza, quello che fronteggia la chiesa&#8230; e in cui, forse per incuria, buona parte degli alberi morirono dopo pochi mesi!<\/p>\n<p>Ci riserviamo di recuperare e approfondire con altri articoli qualcuno degli episodi narrati da Martinello (ad esempio quello del parroco che qualche malalingua aveva tacciato di antipatriottismo&#8230;), in particolare approfondendo un&#8217;altra chicca del volume, il diario del fante Armando Guidoni (detto Nando), che non era limenese durante la guerra ma lo divent\u00f2 poi avendo sposato, lui di Roma, una di Limena. Una lettura da fare e un lavoro, questo volume, da utilizzare, soprattutto nelle scuole.<\/p>\n<p><strong>Emanuele Cenghiaro<\/strong><\/p>\n<p><a href=\"https:\/\/www.padovagrandeguerra.it\/wp-content\/uploads\/2017\/09\/Limena-GrandeGuerra-br.jpg\"><img loading=\"lazy\" class=\"aligncenter wp-image-2383 size-medium\" src=\"https:\/\/www.padovagrandeguerra.it\/wp-content\/uploads\/2017\/09\/Limena-GrandeGuerra-br-214x300.jpg\" alt=\"\" width=\"214\" height=\"300\" srcset=\"https:\/\/www.padovagrandeguerra.it\/wp-content\/uploads\/2017\/09\/Limena-GrandeGuerra-br-214x300.jpg 214w, https:\/\/www.padovagrandeguerra.it\/wp-content\/uploads\/2017\/09\/Limena-GrandeGuerra-br-768x1077.jpg 768w, https:\/\/www.padovagrandeguerra.it\/wp-content\/uploads\/2017\/09\/Limena-GrandeGuerra-br-730x1024.jpg 730w, https:\/\/www.padovagrandeguerra.it\/wp-content\/uploads\/2017\/09\/Limena-GrandeGuerra-br.jpg 842w\" sizes=\"(max-width: 214px) 100vw, 214px\" \/><\/a><\/p>\n","protected":false},"excerpt":{"rendered":"<div class=\"mh-excerpt\"><p>Renato Martinello Limena &#8211; La Grande Guerra Imprimenda editore, pag. 242 Renato Martinello ha curato un dettagliato volume, uscito a dicembre 2016, che ripercorre la <a class=\"mh-excerpt-more\" href=\"https:\/\/www.padovagrandeguerra.it\/?p=2381\" title=\"Il libro: Limena e la Grande Guerra\">[&#8230;]<\/a><\/p>\n<\/div>","protected":false},"author":1,"featured_media":2385,"comment_status":"open","ping_status":"open","sticky":false,"template":"","format":"standard","meta":[],"categories":[84,66,3,42,77],"tags":[232,233],"views":4445,"_links":{"self":[{"href":"https:\/\/www.padovagrandeguerra.it\/index.php?rest_route=\/wp\/v2\/posts\/2381"}],"collection":[{"href":"https:\/\/www.padovagrandeguerra.it\/index.php?rest_route=\/wp\/v2\/posts"}],"about":[{"href":"https:\/\/www.padovagrandeguerra.it\/index.php?rest_route=\/wp\/v2\/types\/post"}],"author":[{"embeddable":true,"href":"https:\/\/www.padovagrandeguerra.it\/index.php?rest_route=\/wp\/v2\/users\/1"}],"replies":[{"embeddable":true,"href":"https:\/\/www.padovagrandeguerra.it\/index.php?rest_route=%2Fwp%2Fv2%2Fcomments&post=2381"}],"version-history":[{"count":2,"href":"https:\/\/www.padovagrandeguerra.it\/index.php?rest_route=\/wp\/v2\/posts\/2381\/revisions"}],"predecessor-version":[{"id":2386,"href":"https:\/\/www.padovagrandeguerra.it\/index.php?rest_route=\/wp\/v2\/posts\/2381\/revisions\/2386"}],"wp:featuredmedia":[{"embeddable":true,"href":"https:\/\/www.padovagrandeguerra.it\/index.php?rest_route=\/wp\/v2\/media\/2385"}],"wp:attachment":[{"href":"https:\/\/www.padovagrandeguerra.it\/index.php?rest_route=%2Fwp%2Fv2%2Fmedia&parent=2381"}],"wp:term":[{"taxonomy":"category","embeddable":true,"href":"https:\/\/www.padovagrandeguerra.it\/index.php?rest_route=%2Fwp%2Fv2%2Fcategories&post=2381"},{"taxonomy":"post_tag","embeddable":true,"href":"https:\/\/www.padovagrandeguerra.it\/index.php?rest_route=%2Fwp%2Fv2%2Ftags&post=2381"}],"curies":[{"name":"wp","href":"https:\/\/api.w.org\/{rel}","templated":true}]}}