{"id":2295,"date":"2016-11-14T09:07:01","date_gmt":"2016-11-14T08:07:01","guid":{"rendered":"http:\/\/www.padovagrandeguerra.it\/?p=2295"},"modified":"2016-11-10T17:52:21","modified_gmt":"2016-11-10T16:52:21","slug":"legami-di-carta-una-storia-damore-in-tempo-di-guerra-di-alberto-espen","status":"publish","type":"post","link":"https:\/\/www.padovagrandeguerra.it\/?p=2295","title":{"rendered":"Legami di carta. Una storia d&#8217;amore in tempo di guerra, di Alberto Espen"},"content":{"rendered":"<p class=\"Normal\" style=\"text-align: justify;\"><span style=\"font-size: 12pt;\"><strong>Alberto Espen<\/strong><br \/>\n<span style=\"color: #800000;\"><strong>Legami di carta. Una storia d\u2019amore in tempo di guerra<\/strong><\/span><br \/>\n<em>Cierre edizioni, p. 230, 14,50 euro<\/em><\/span><\/p>\n<p class=\"Normal\" style=\"text-align: justify;\"><span style=\"font-size: 12.0pt;\">In un clima di rinnovato interesse per tutto ci\u00f2 che riguarda la Prima guerra mondiale nelle sue molteplici sfaccettature, lo storico (e collaboratore de <i>La Difesa del Popolo<\/i><\/span><span style=\"font-size: 12.0pt;\">) Alberto Espen aggiunge un proprio tassello alla vasta e variegata produzione editoriale che accompagna la ricorrenza del centenario. E lo fa con una storia dall\u2019inedita prospettiva \u00abdal basso\u00bb, quella degli \u00abumili\u00bb come li defin\u00ec il grande studioso Adolfo Omodeo, che riporta in luce le speranze, i sentimenti, gli amori e le sofferenze \u00abtra sangue e fango\u00bb di un giovanissimo soldato padovano in trincea, Angelo Pegoraro da Solesino, classe 1895, che dialoga con la sua amata fidanzata, Angela Toniolo da Montemerlo, classe 1899.<\/span><\/p>\n<p class=\"Normal\" style=\"text-align: justify;\"><span style=\"font-size: 12.0pt;\"><a href=\"https:\/\/www.padovagrandeguerra.it\/wp-content\/uploads\/2016\/11\/Legami-di-carta.jpg\"><img loading=\"lazy\" class=\"size-medium wp-image-2297 alignright\" src=\"https:\/\/www.padovagrandeguerra.it\/wp-content\/uploads\/2016\/11\/Legami-di-carta-209x300.jpg\" alt=\"Legami-di-carta\" width=\"209\" height=\"300\" srcset=\"https:\/\/www.padovagrandeguerra.it\/wp-content\/uploads\/2016\/11\/Legami-di-carta-209x300.jpg 209w, https:\/\/www.padovagrandeguerra.it\/wp-content\/uploads\/2016\/11\/Legami-di-carta.jpg 698w\" sizes=\"(max-width: 209px) 100vw, 209px\" \/><\/a>\u00c8 una sorta di memoria privata e popolare che si innesta nella &#8220;Grande Storia&#8221;<\/span><span style=\"font-size: 12.0pt;\">, quella delle sanguinose battaglie dall\u2019Isonzo al Piave, della dolorosa ritirata di Caporetto, delle decisioni che i soldati si vedevano piombare dall\u2019alto e di cui talora non capivano minimamente le ragioni. In tal modo le pagine del libro propongono non solo racconti di guerra, ma anche un appassionante spaccato della vita quotidiana delle classi subalterne rimandando al \u00abpopolo\u00bb dei lavoratori (contadini, giornalieri, venditori\u2026 ) del primo Novecento, facendo poi luce soprattutto su un oscuro moto di rivolta scoppiato a Solesino per mano di un nutrito gruppo di donne nel maggio del 1917. Fatto non secondario, il volume \u00e8 impreziosito da un cospicuo apparato documentario-iconografico, un apparato &#8211; \u00e8 bene dire \u2013 che in massima parte viene dato alle stampe per la prima volta nella prospettiva di aggiungere un ulteriore aspetto di novit\u00e0 e curiosit\u00e0 di modo che anche il lettore un po\u2019 frettoloso, che si soffermi inizialmente soltanto alle immagini, possa avere un\u2019idea di cosa siano stati il conflitto e i paesi veneti lungo i quarantuno dolorosi mesi della \u00abguerra grande\u00bb.<\/span><\/p>\n<p class=\"Normal\" style=\"text-align: justify;\"><span style=\"font-size: 12.0pt;\">Nello scrivere le pagine di questo libro Espen cammina sul filo tra storia e letteratura e, attingendo a una grande mole di testimonianze documentarie non solo del periodo 1914\/1918, ricostruisce in modo verosimile la biografia di un umile soldato che, partito dalla Bassa padovana, non ha pi\u00f9 fatto ritorno ai propri affetti. Lo storico compone, come in un mosaico, la vicenda di un combattente che il narratore provvede poi a raccontare attraversando tutte le fasi dello sforzo bellico compiuto nei quattro anni dall\u2019Italia, dalle spallate sull\u2019Isonzo al crollo di Caporetto alla battaglia del Piave.<\/span><\/p>\n<p class=\"Normal\" style=\"text-align: justify;\"><span style=\"font-size: 12.0pt;\">Quello che emerge dalle pagine tracciate con vivacit\u00e0 da Espen \u00e8 un affresco corale e concreto, anche sgrammaticato se vogliamo, ma che illumina sul modo in cui le classi popolari, in gran parte identificabili con il mondo contadino, hanno condiviso (o se mai subito) la vicenda bellica. Parlare dei quei quattro anni del \u201915-\u201918 non \u00e8 tanto, o non \u00e8 soltanto, il racconto di fatti di guerra ormai lontani cent\u2019anni, significa piuttosto indagare l\u2019estrema povert\u00e0, l\u2019amara inquietudine, l\u2019incisiva solidariet\u00e0 che contrassegnarono la vita delle comunit\u00e0 padovane<a name=\"_GoBack\"><\/a> intesa nelle pi\u00f9 diverse sfaccettature (istituzionale, religiosa, sociale\u2026 ). Con inevitabili rotture, certo, rispetto al passato, ma pure con sorprendenti continuit\u00e0 assicurate dalle autorit\u00e0 locali, dal clero, dai comitati civili che agivano nei paesi travolti dagli eventi. E con una necessit\u00e0 incalzante (e inconsueta per l\u2019epoca) di comunicare, di ricevere notizie, di rassicurare sulla propria condizione: la scrittura divenne cos\u00ec un modo per sopravvivere, un talismano vero e proprio cosicch\u00e9 non stupisce se furono quasi quattro miliardi le lettere e le cartoline postali complessivamente movimentate durante la guerra. Scritte magari in un linguaggio smozzicato e impreciso, che tuttavia rivestono un cospicuo valore storico, riconosciuto anche dal mondo accademico, perch\u00e9 testimonianza di chi la guerra l\u2019aveva vista \u00abdal basso\u00bb e che in quegli anni aveva pagato un prezzo altissimo.<\/span><\/p>\n","protected":false},"excerpt":{"rendered":"<div class=\"mh-excerpt\"><p>Alberto Espen Legami di carta. Una storia d\u2019amore in tempo di guerra Cierre edizioni, p. 230, 14,50 euro In un clima di rinnovato interesse per <a class=\"mh-excerpt-more\" href=\"https:\/\/www.padovagrandeguerra.it\/?p=2295\" title=\"Legami di carta. Una storia d&#8217;amore in tempo di guerra, di Alberto Espen\">[&#8230;]<\/a><\/p>\n<\/div>","protected":false},"author":1,"featured_media":2296,"comment_status":"open","ping_status":"open","sticky":false,"template":"","format":"standard","meta":[],"categories":[193,3,42,77],"tags":[33,32,231],"views":3156,"_links":{"self":[{"href":"https:\/\/www.padovagrandeguerra.it\/index.php?rest_route=\/wp\/v2\/posts\/2295"}],"collection":[{"href":"https:\/\/www.padovagrandeguerra.it\/index.php?rest_route=\/wp\/v2\/posts"}],"about":[{"href":"https:\/\/www.padovagrandeguerra.it\/index.php?rest_route=\/wp\/v2\/types\/post"}],"author":[{"embeddable":true,"href":"https:\/\/www.padovagrandeguerra.it\/index.php?rest_route=\/wp\/v2\/users\/1"}],"replies":[{"embeddable":true,"href":"https:\/\/www.padovagrandeguerra.it\/index.php?rest_route=%2Fwp%2Fv2%2Fcomments&post=2295"}],"version-history":[{"count":3,"href":"https:\/\/www.padovagrandeguerra.it\/index.php?rest_route=\/wp\/v2\/posts\/2295\/revisions"}],"predecessor-version":[{"id":2300,"href":"https:\/\/www.padovagrandeguerra.it\/index.php?rest_route=\/wp\/v2\/posts\/2295\/revisions\/2300"}],"wp:featuredmedia":[{"embeddable":true,"href":"https:\/\/www.padovagrandeguerra.it\/index.php?rest_route=\/wp\/v2\/media\/2296"}],"wp:attachment":[{"href":"https:\/\/www.padovagrandeguerra.it\/index.php?rest_route=%2Fwp%2Fv2%2Fmedia&parent=2295"}],"wp:term":[{"taxonomy":"category","embeddable":true,"href":"https:\/\/www.padovagrandeguerra.it\/index.php?rest_route=%2Fwp%2Fv2%2Fcategories&post=2295"},{"taxonomy":"post_tag","embeddable":true,"href":"https:\/\/www.padovagrandeguerra.it\/index.php?rest_route=%2Fwp%2Fv2%2Ftags&post=2295"}],"curies":[{"name":"wp","href":"https:\/\/api.w.org\/{rel}","templated":true}]}}