{"id":1907,"date":"2015-11-13T08:15:41","date_gmt":"2015-11-13T07:15:41","guid":{"rendered":"http:\/\/www.padovagrandeguerra.it\/?p=1907"},"modified":"2015-11-13T08:27:38","modified_gmt":"2015-11-13T07:27:38","slug":"piccolo-abecedario-della-grande-guerra-di-sergio-tazzer","status":"publish","type":"post","link":"https:\/\/www.padovagrandeguerra.it\/?p=1907","title":{"rendered":"&#8220;Piccolo abecedario della Grande Guerra&#8221; di Sergio Tazzer"},"content":{"rendered":"<p class=\"Normal\" style=\"text-align: justify;\"><strong><span style=\"font-size: 14.0pt; font-family: Cambria; color: black;\">Sergio Tazzer<br \/>\n<\/span><\/strong><span style=\"font-size: 14.0pt; font-family: Cambria; color: black;\"><strong><span style=\"color: #993300;\">Piccolo abecedario della Grande Guerra<\/span><\/strong><br \/>\n<\/span><em><span style=\"font-size: 14.0pt; font-family: Cambria; color: black;\">Kellerman editore, 2015<\/span><\/em><\/p>\n<p class=\"Normal\" style=\"text-align: justify;\"><span style=\"font-size: 14.0pt; font-family: Cambria; color: black;\">Anche in questo modo si pu\u00f2 avvicinare il grande pubblico alla storia, che gode fama immeritata di materia ostica e noiosa: con un agile e simpatico volumetto, come quello dato alle stampe dal giornalista trevigiano Sergio Tazzer, gi\u00e0 direttore della sede RAI del Veneto, che di questi tempi ha indagato con acribia le vicende connesse al primo conflitto mondiale e alla terra veneta, ricerche che sono quindi sfociate in alcuni riuscite pubblicazioni. \u00c8 ora la volta di <i>Piccolo abecedario della Grande Guerra <\/i><\/span><span style=\"font-size: 14.0pt; font-family: Cambria; color: black;\">(Kellermann editore, 176 pp., 10,00 euro).<\/span><\/p>\n<p class=\"Normal\" style=\"text-align: justify;\"><span style=\"font-size: 14.0pt; font-family: Cambria; color: black;\"><a href=\"https:\/\/www.padovagrandeguerra.it\/wp-content\/uploads\/2015\/11\/Abecedario-Tazzer-cop.jpg\"><img loading=\"lazy\" class=\"size-medium wp-image-1908 alignleft\" src=\"https:\/\/www.padovagrandeguerra.it\/wp-content\/uploads\/2015\/11\/Abecedario-Tazzer-cop-221x300.jpg\" alt=\"Abecedario-Tazzer-cop\" width=\"221\" height=\"300\" srcset=\"https:\/\/www.padovagrandeguerra.it\/wp-content\/uploads\/2015\/11\/Abecedario-Tazzer-cop-221x300.jpg 221w, https:\/\/www.padovagrandeguerra.it\/wp-content\/uploads\/2015\/11\/Abecedario-Tazzer-cop.jpg 250w\" sizes=\"(max-width: 221px) 100vw, 221px\" \/><\/a>In 275 voci un resoconto di fatti, luoghi e persone, protagonisti della storia della prima guerra mondiale: tutta una serie di voci e curiosit\u00e0 che permettono anche al lettore digiuno delle vicende di storia patria di prendere confidenza con la materia o, se vogliamo, un breve ripasso di nomi che hanno caratterizzato gli eventi legati al conflitto, che pu\u00f2 essere particolarmente utile anche al mondo della scuola. Cos\u00ec accanto alla citt\u00e0 di Asiago, al generale Gaetano Giardino, alle dodici battaglie dell\u2019Isonzo, allo scrittore-soldato Giuseppe Ungaretti si trovano presentati in maniera concisa e convincente il patto di Londra, i numeri delle forze italiane, la spedizione punitiva della primavera del \u201916, il celebre volo su Vienna.<\/span><\/p>\n<p class=\"Normal\" style=\"text-align: justify;\"><span style=\"font-size: 14.0pt; font-family: Cambria; color: black;\">\u00abCome ogni scelta \u2013 ribadisce Tazzer \u2013 anche quelle mie sono personali\u2026 Mancano molti nomi certo: ma questo \u00e8 un abecedario nel quale cercare e trovare rapidamente qualche risposta breve ed essenziale. Non troverete certo, per motivi comprensibili, i nomi di tutti soldati che, chiamati alle armi, soffrirono in divisa, combatterono, sopravvissero oppure furono feriti o caddero al fronte\u00bb. Un&#8217;appendice con la cronologia essenziale degli anni 1915-1918 e con i riferimenti di musei e istituzioni che si occupano in tutta Italia di Grande guerra completano il volumetto, che si distingue anche per l\u2019accattivante, pratica veste grafica.<\/span><\/p>\n<p class=\"Normal\" style=\"text-align: justify;\">\n<p class=\"Normal\" style=\"text-align: justify;\">Dello stesso autore, che ha collaborato con il nostro sito inviandoci alcune fotografie storiche, Kellerman editore ha pubblicato anche:<span style=\"color: #000000;\">\u00a0Banditi o eroi? (2013),\u00a0Can\u00f2pi e Nobilomeni. Storie di Uomini e Miniere nella Montagna dei Dogi (2012),\u00a0Grande Guerra Grande Fame (2014),\u00a0Piave e dintorni 1917 &#8211; 1918. Fanti, Jager, Alpini, Honved&#8230; e altri poveracci (2011).<\/span><\/p>\n<p class=\"Normal\" style=\"text-align: justify;\">\n","protected":false},"excerpt":{"rendered":"<div class=\"mh-excerpt\"><p>Sergio Tazzer Piccolo abecedario della Grande Guerra Kellerman editore, 2015 Anche in questo modo si pu\u00f2 avvicinare il grande pubblico alla storia, che gode fama <a class=\"mh-excerpt-more\" href=\"https:\/\/www.padovagrandeguerra.it\/?p=1907\" title=\"&#8220;Piccolo abecedario della Grande Guerra&#8221; di Sergio Tazzer\">[&#8230;]<\/a><\/p>\n<\/div>","protected":false},"author":4,"featured_media":1911,"comment_status":"open","ping_status":"open","sticky":false,"template":"","format":"standard","meta":[],"categories":[69,3,77],"tags":[119],"views":2816,"_links":{"self":[{"href":"https:\/\/www.padovagrandeguerra.it\/index.php?rest_route=\/wp\/v2\/posts\/1907"}],"collection":[{"href":"https:\/\/www.padovagrandeguerra.it\/index.php?rest_route=\/wp\/v2\/posts"}],"about":[{"href":"https:\/\/www.padovagrandeguerra.it\/index.php?rest_route=\/wp\/v2\/types\/post"}],"author":[{"embeddable":true,"href":"https:\/\/www.padovagrandeguerra.it\/index.php?rest_route=\/wp\/v2\/users\/4"}],"replies":[{"embeddable":true,"href":"https:\/\/www.padovagrandeguerra.it\/index.php?rest_route=%2Fwp%2Fv2%2Fcomments&post=1907"}],"version-history":[{"count":4,"href":"https:\/\/www.padovagrandeguerra.it\/index.php?rest_route=\/wp\/v2\/posts\/1907\/revisions"}],"predecessor-version":[{"id":1913,"href":"https:\/\/www.padovagrandeguerra.it\/index.php?rest_route=\/wp\/v2\/posts\/1907\/revisions\/1913"}],"wp:featuredmedia":[{"embeddable":true,"href":"https:\/\/www.padovagrandeguerra.it\/index.php?rest_route=\/wp\/v2\/media\/1911"}],"wp:attachment":[{"href":"https:\/\/www.padovagrandeguerra.it\/index.php?rest_route=%2Fwp%2Fv2%2Fmedia&parent=1907"}],"wp:term":[{"taxonomy":"category","embeddable":true,"href":"https:\/\/www.padovagrandeguerra.it\/index.php?rest_route=%2Fwp%2Fv2%2Fcategories&post=1907"},{"taxonomy":"post_tag","embeddable":true,"href":"https:\/\/www.padovagrandeguerra.it\/index.php?rest_route=%2Fwp%2Fv2%2Ftags&post=1907"}],"curies":[{"name":"wp","href":"https:\/\/api.w.org\/{rel}","templated":true}]}}