{"id":1577,"date":"2015-07-31T16:57:11","date_gmt":"2015-07-31T14:57:11","guid":{"rendered":"http:\/\/www.padovagrandeguerra.it\/?p=1577"},"modified":"2015-07-31T16:58:07","modified_gmt":"2015-07-31T14:58:07","slug":"i-curatori-di-www-padovagrandeguerra-it-ai-notturni-darte-2015","status":"publish","type":"post","link":"https:\/\/www.padovagrandeguerra.it\/?p=1577","title":{"rendered":"I curatori di www.padovagrandeguerra.it ai Notturni d&#8217;arte 2015"},"content":{"rendered":"<p>La serata di mercoled\u00ec 29 luglio, ha visto la partecipazione\u00a0 dei tre curatori del nostro sito al secondo incontro della XXIX edizione dei Notturni d\u2019Arte, dedicata quest\u2019anno al tema della Grande Guerra. La serata si \u00e8 svolta in due momenti. Emanuele Cenghiaro, giornalista e editore (sua la casa editrice Tracciati), ha presentato la riedizione della guida storica <b>La Grande Guerra a Padova. I luoghi della Memoria<\/b>, di cui \u00e8 co-autore assieme a Pier Giovanni Zanetti e Silvia Zava.<\/p>\n<p>Successivamente la storica dell\u2019arte contemporanea Silvia Zava, e la storica Lisa Bregantin, che della guida ha curato una interessante introduzione critica, hanno accompagnato due gruppi alla scoperta di un percorso sulla Grande Guerra in citt\u00e0. L\u2019itinerario, svoltosi interamente in esterni, \u00e8 partito da Palazzo Zacco, oggi sede del Circolo unificato dell\u2019Esercito, che ci ha ospitati per la presentazione. Edificato fra il 1555 e il 1557 per volont\u00e0 di Marco Zacco su progetto di Andrea Moroni, durante l\u2019intero periodo bellico fu sede della 10\u00b0 Divisione territoriale, comandata dal Generale Scotti, chiamata a gestire gli ambiti logistico-amministrativi riguardanti i trasporti e le infrastrutture.<\/p>\n<p>Abbiamo successivamente raggiunto palazzo Priuli Papadopoli Dolfin Bold\u00f9, ora sede dell\u2019Istituto Teresianum, edificato nel 1568 su probabile progetto di Giovanni Antonio Rusconi. Sensibilmente alterato e ampliato nei secoli, questo palazzo dal 28 ottobre 1917 al 18 gennaio 1918 divenne sede del Comando Supremo di Luigi Cadorna. Dopo la disfatta di Caporetto, Vittorio Emanuele III e il Comando Supremo da Udine ripiegarono su Padova. Il re alloggi\u00f2 tra Villa Baldin a Altichiero, villa Giusti del Giardino alla Mandria e Villa Corinaldi a Lispida, mentre il Generale Cadorna instaur\u00f2 il Comando Supremo dentro le mura rinascimentali, a Palazzo Dolfin Bold\u00f9, fin quando pass\u00f2 le consegne a Armando Diaz che, dopo la ripresa e l\u2019intensificarsi dei bombardamenti in citt\u00e0, si spost\u00f2 a Abano Bagni, l&#8217;odierna Abano Terme.<\/p>\n<p>Il quartiere di Santa Croce attraverso la\u00a0 toponomastica tributa il suo ricordo alla Grande Guerra e cos\u00ec si susseguono via Cadorna, Via Diaz, via Duca degli Abruzzi, via Thaon di Revel, via IV Novembre, via Generale Cantore.<\/p>\n<p>Fra i diversi modi di commemorare i caduti nel primo dopoguerra, largo spazio venne dato alle intitolazioni alla memoria. Gli ultimi edifici illustrati nella passeggiata rientrano in questa categoria: il Velodromo Monti, lo Stadio Appiani e la Caserma Oreste Salomone, tutti\u00a0 dedicati a eroici soldati della Grande Guerra.<\/p>\n<p>Inaugurato il 20 settembre 1916, dal 15 novembre 1931 &#8211; quando viene affissa una lapide commemorativa alla memoria &#8211; il velodromo \u00e8 intitolato al Capitano d\u2019aviazione Giovanni Monti. Originario di Fratta Polesine, militante nel Calcio Padova dal 1919 al 1930 e cicloamatore, Monti si arruola volontario in guerra a 18 anni (\u00e8 il 1918) e consegue il brevetto di pilota riuscendo a raggiungere in breve tempo il grado di capitano. Nel dopoguerra viene chiamato a far parte del Reparto Alta Velocit\u00e0 della Regia Aeronautica,\u00a0 con sede a Desenzano del Garda, localit\u00e0 in cui muore durante il collaudo di\u00a0 un idrovolante, il 2 agosto 1931<i>. <\/i>La bella lapide apposta sulla parete esterna delle gradinate del velodromo \u00e8 stata recentemente restaurata.<\/p>\n<p>Edificato il 2 agosto del 1921, lo stadio comunale \u00e8 inaugurato il 19 ottobre 1924 e dedicato alla memoria di Silvio Appiani, studente di medicina presso l\u2019Universit\u00e0 di Padova e attaccante del Calcio Padova dal 1913 al 1915. Dal 22 maggio 2014 all\u2019ingresso principale dello stadio \u00e8 affissa una lapide che commemora l\u2019eroe morto sul Carso il 21 ottobre 1915.<\/p>\n<p>A sud-est di Prato della Valle si trova la caserma intitolata a Oreste Salomone, primo aviatore italiano ad essere insignito della Medaglia d&#8217;oro al valor militare, tragicamente precipitato a Brusegana di Padova nel 1918. Al suo interno era ospitato il 58\u00b0 Reggimento Fanteria della Brigata Abruzzi, costituito nel 1861 e sciolto nel 1943. A memoria dell\u2019indomito Reggimento vi si trova\u00a0 dedicato un sacello progettato dall\u2019architetto Giovanni Zabai. Inaugurata l\u201911 giugno 1950, la piccola cappellina contiene le lapidi commemorative ai caduti del Reggimento e una pala a mosaico raffigurante San Martino, opera di Lucio Grossato, posta sopra un paliotto marmoreo che reca inciso il motto \u201cex impetu gloria\u201d di cui accludiamo una foto. Gi\u00e0 dal 1914 la caserma, allora intitolata a Vittorio Emanuele III ospitava i coscritti del 58\u00b0 prima che fossero addestrati in prossimit\u00e0 del fronte. I restanti spazi conventuali, adibiti a Ospedale militare\u00a0 fra il 1915 e il 1918, ritornarono di propriet\u00e0 dei frati benedettini solo nel 1948.<\/p>\n<p>Per noi di <b>Padova Grande Guerra<\/b> \u00e8 stato un piacevole momento di confronto non solo per presentare la nostra pubblicazione ma per meglio far comprendere l\u2019importanza della riscoperta di una storia cos\u00ec vicina ma altrettanto lontana in cui quasi tutti i monumenti e i luoghi deputati alla memoria hanno mutato la loro destinazione d\u2019uso poich\u00e9 la Grande Guerra, per quanto dolorosa e tragica,\u00a0 ha costituito solo un momento nella loro pi\u00f9 ampia cornice storica.<\/p>\n<p>Silvia Zava<\/p>\n<p><em>Nel contesto dei Notturni d\u2019Arte ci trovate anche venerd\u00ec 31 luglio a Pontelongo al Museo Gesta e marted\u00ec 4 agosto alla Casa del Mutilato in Piazza Mazzini a Padova! VI ASPETTIAMO NUMEROSI<\/em><\/p>\n","protected":false},"excerpt":{"rendered":"<div class=\"mh-excerpt\"><p>La serata di mercoled\u00ec 29 luglio, ha visto la partecipazione\u00a0 dei tre curatori del nostro sito al secondo incontro della XXIX edizione dei Notturni d\u2019Arte, <a class=\"mh-excerpt-more\" href=\"https:\/\/www.padovagrandeguerra.it\/?p=1577\" title=\"I curatori di www.padovagrandeguerra.it ai Notturni d&#8217;arte 2015\">[&#8230;]<\/a><\/p>\n<\/div>","protected":false},"author":2,"featured_media":258,"comment_status":"open","ping_status":"open","sticky":false,"template":"","format":"standard","meta":[],"categories":[41,77],"tags":[],"views":3494,"_links":{"self":[{"href":"https:\/\/www.padovagrandeguerra.it\/index.php?rest_route=\/wp\/v2\/posts\/1577"}],"collection":[{"href":"https:\/\/www.padovagrandeguerra.it\/index.php?rest_route=\/wp\/v2\/posts"}],"about":[{"href":"https:\/\/www.padovagrandeguerra.it\/index.php?rest_route=\/wp\/v2\/types\/post"}],"author":[{"embeddable":true,"href":"https:\/\/www.padovagrandeguerra.it\/index.php?rest_route=\/wp\/v2\/users\/2"}],"replies":[{"embeddable":true,"href":"https:\/\/www.padovagrandeguerra.it\/index.php?rest_route=%2Fwp%2Fv2%2Fcomments&post=1577"}],"version-history":[{"count":1,"href":"https:\/\/www.padovagrandeguerra.it\/index.php?rest_route=\/wp\/v2\/posts\/1577\/revisions"}],"predecessor-version":[{"id":1578,"href":"https:\/\/www.padovagrandeguerra.it\/index.php?rest_route=\/wp\/v2\/posts\/1577\/revisions\/1578"}],"wp:featuredmedia":[{"embeddable":true,"href":"https:\/\/www.padovagrandeguerra.it\/index.php?rest_route=\/wp\/v2\/media\/258"}],"wp:attachment":[{"href":"https:\/\/www.padovagrandeguerra.it\/index.php?rest_route=%2Fwp%2Fv2%2Fmedia&parent=1577"}],"wp:term":[{"taxonomy":"category","embeddable":true,"href":"https:\/\/www.padovagrandeguerra.it\/index.php?rest_route=%2Fwp%2Fv2%2Fcategories&post=1577"},{"taxonomy":"post_tag","embeddable":true,"href":"https:\/\/www.padovagrandeguerra.it\/index.php?rest_route=%2Fwp%2Fv2%2Ftags&post=1577"}],"curies":[{"name":"wp","href":"https:\/\/api.w.org\/{rel}","templated":true}]}}