{"id":1332,"date":"2015-04-30T08:20:58","date_gmt":"2015-04-30T06:20:58","guid":{"rendered":"http:\/\/www.padovagrandeguerra.it\/?p=1332"},"modified":"2015-04-30T08:25:16","modified_gmt":"2015-04-30T06:25:16","slug":"soldati-della-grande-guerra","status":"publish","type":"post","link":"https:\/\/www.padovagrandeguerra.it\/?p=1332","title":{"rendered":"Soldati della Grande Guerra"},"content":{"rendered":"<p><em>Ieri notte non riuscivo a dormire, tormentata da un pensiero che potr\u00e0 sembrare assurdo e da un senso di responsabilit\u00e0 forse sorpassato&#8230; mi sentivo cos\u00ec triste per ci\u00f2 che avevo visto e ho immaginato la tristezza di chi se n&#8217;\u00e8 andato e ho scritto:<\/em><\/p>\n<p>&#8220;Siamo partiti dalle nostre case cent&#8217;anni fa,<br \/>\nsotto il sole di maggio.<br \/>\nCase oggi abitate da chi \u00e8 venuto dopo,<br \/>\ndai figli dei nostri figli o da chi \u00e8 riuscito a ritornare.<br \/>\nSiamo partiti con il cuore gonfio di tristezza,<br \/>\nimprecando o pieni di timore,<br \/>\nma sapevamo che dovevamo fare il nostro dovere.<br \/>\nUn dovere che ci sembrava sconosciuto allora<br \/>\ne che abbiamo capito poi.<br \/>\nMolti di noi sono morti subito,<br \/>\ncolpiti dalla mitragliatrice, dal cannone, dal fucile, dalla malattia;<br \/>\naltri hanno visto nuove battaglie e nuove sconfitte<br \/>\nprima di raggiungerci.<br \/>\nTutti abbiamo visto l&#8217;ultima battaglia, quella finale,<br \/>\nattraverso gli occhi e i cuori dei nostri compagni.<br \/>\nEravamo l\u00ec, insieme.<br \/>\nPoi, attraverso quegli occhi abbiamo rivisto le nostre case, il nostro paese,<br \/>\nanche se i nostri corpi sono rimasti al fronte dove siamo morti,<br \/>\ninsieme a quelli dei nostri compagni.<br \/>\nL\u00ec abbiamo atteso le visite,<br \/>\noggi cos\u00ec rare<br \/>\ne assistito alle commemorazioni,<br \/>\nsempre pi\u00f9 pallide.<br \/>\nA casa, al nostro paese, ci hanno dedicato dei monumenti.<br \/>\nI nostri nomi, cos\u00ec banali, cos\u00ec uguali ad altri<br \/>\nsono stati incisi sulla pietra, come quelli dei re.<br \/>\nCi sembrava poco e tanto insieme per il sacrificio compiuto;<br \/>\nma c&#8217;era in noi una consapevolezza nuova,<br \/>\nche le cose sarebbero cambiate, un po&#8217; per volta;<br \/>\nche la miseria e l&#8217;ignoranza avrebbeo lasciato i nostri campi<br \/>\nintrisi di fatica e che anche noi, chi c&#8217;era ancora,<br \/>\nsaremo diventati cittadini.<br \/>\nA tutto questo ci sembrava che avesse contribuito<br \/>\nanche la nostra piccola vita.<br \/>\nCi bastava.<br \/>\nCon gli anni ci hanno raggiunti tutti i nostri compagni,<br \/>\nci siamo ritrovati ancora tutti insieme, qui,<br \/>\nsopra il vostro cielo.<br \/>\nSono poi arrivati altri soldati,<br \/>\nsoldati che non conoscevamo.<br \/>\nOra anche loro sono qui a ranghi quasi completi.<br \/>\nIn tutto questo tempo abbiamo osservato con gioia<br \/>\ni miglioramenti ottenuti dalle generazioni che ci hanno seguito,<br \/>\nanche se, un po&#8217; per volta, li hanno allontanati da noi.<br \/>\nNoi, ora,<br \/>\ndimentico ricordo<br \/>\ndi un tempo ignorato.<br \/>\nCi \u00e8 sembrata la naturalit\u00e0 delle cose<br \/>\ne abbiamo iniziato ad apprezzare che<br \/>\ni nostri nomi<br \/>\nfossero almeno scritti sulla pietra.<br \/>\nOggi sappiamo che nemmeno questo basta.<br \/>\nOggi ci sembra che le nostre vite,<br \/>\nspentesi giovanissime per il nostro Paese,<br \/>\nnon interessino pi\u00f9 a nessuno.<br \/>\nNon \u00e8 vero, certo<br \/>\nlo vediamo che in alcuni cuori non siamo scomparsi.<br \/>\nSentiamo che i nostri nomi sono ancora persone.<br \/>\nA volte osserviamo anche qualche lacrima<br \/>\nrigare i volti di chi ci pensa.<br \/>\nE&#8217; solo che un po&#8217; di tristezza ci prende<br \/>\nin questi giorni di primavera, nei quali<br \/>\nscorgiamo la nostra partenza e il nostro addio<br \/>\ne ci sembra pi\u00f9 definitivo di allora<br \/>\nperch\u00e8 la memoria \u00e8 cos\u00ec poca,<br \/>\n\u00e8 cos\u00ec fragile<br \/>\ne per questo dovrebbe essere preziosa&#8230;<br \/>\nsi sta per\u00f2 rompendo, frantumandosi nell&#8217;indifferenza dell&#8217;oblio.<br \/>\nVi abbiamo seguiti fino a qui,<br \/>\nvi seguiremo ancora,<br \/>\nanche quando ci avrete dimenticati.<br \/>\nE&#8217; il nostro patto, la nostra promessa.<br \/>\nAnche ora che,<br \/>\nil sole maggio<br \/>\nnon pu\u00f2 colpire i nostri nomi<br \/>\nchiusi, come siamo, tra i capannoni delle feste.<br \/>\nForse speravamo in qualcosa di pi\u00f9,<br \/>\nforse per un po&#8217; ci siamo sentiti davvero eroi&#8230;<br \/>\nMa abbiamo imparato ad accettare.<br \/>\nEppure, eppure<br \/>\nse faceste attenzione,<br \/>\nsolo un poca e per pochissimo tempo<br \/>\nci vedreste ancora partire<br \/>\nsentireste i nostri passi e le nostre voci<br \/>\ne forse, ma solo forse,<br \/>\nci potremmo ancora parlare.<br \/>\nSarebbe bello, bellissimo ritrovarsi<br \/>\nin pace<br \/>\nsotto il sole di maggio.<\/p>\n<p>soldati della grande guerra<\/p>\n<p><em>Lisa Bregantin, 26 aprile 2015<\/em><\/p>\n<p>&nbsp;<\/p>\n","protected":false},"excerpt":{"rendered":"<div class=\"mh-excerpt\"><p>Ieri notte non riuscivo a dormire, tormentata da un pensiero che potr\u00e0 sembrare assurdo e da un senso di responsabilit\u00e0 forse sorpassato&#8230; mi sentivo cos\u00ec <a class=\"mh-excerpt-more\" href=\"https:\/\/www.padovagrandeguerra.it\/?p=1332\" title=\"Soldati della Grande Guerra\">[&#8230;]<\/a><\/p>\n<\/div>","protected":false},"author":3,"featured_media":1068,"comment_status":"open","ping_status":"open","sticky":false,"template":"","format":"standard","meta":[],"categories":[69,77],"tags":[],"views":3487,"_links":{"self":[{"href":"https:\/\/www.padovagrandeguerra.it\/index.php?rest_route=\/wp\/v2\/posts\/1332"}],"collection":[{"href":"https:\/\/www.padovagrandeguerra.it\/index.php?rest_route=\/wp\/v2\/posts"}],"about":[{"href":"https:\/\/www.padovagrandeguerra.it\/index.php?rest_route=\/wp\/v2\/types\/post"}],"author":[{"embeddable":true,"href":"https:\/\/www.padovagrandeguerra.it\/index.php?rest_route=\/wp\/v2\/users\/3"}],"replies":[{"embeddable":true,"href":"https:\/\/www.padovagrandeguerra.it\/index.php?rest_route=%2Fwp%2Fv2%2Fcomments&post=1332"}],"version-history":[{"count":2,"href":"https:\/\/www.padovagrandeguerra.it\/index.php?rest_route=\/wp\/v2\/posts\/1332\/revisions"}],"predecessor-version":[{"id":1334,"href":"https:\/\/www.padovagrandeguerra.it\/index.php?rest_route=\/wp\/v2\/posts\/1332\/revisions\/1334"}],"wp:featuredmedia":[{"embeddable":true,"href":"https:\/\/www.padovagrandeguerra.it\/index.php?rest_route=\/wp\/v2\/media\/1068"}],"wp:attachment":[{"href":"https:\/\/www.padovagrandeguerra.it\/index.php?rest_route=%2Fwp%2Fv2%2Fmedia&parent=1332"}],"wp:term":[{"taxonomy":"category","embeddable":true,"href":"https:\/\/www.padovagrandeguerra.it\/index.php?rest_route=%2Fwp%2Fv2%2Fcategories&post=1332"},{"taxonomy":"post_tag","embeddable":true,"href":"https:\/\/www.padovagrandeguerra.it\/index.php?rest_route=%2Fwp%2Fv2%2Ftags&post=1332"}],"curies":[{"name":"wp","href":"https:\/\/api.w.org\/{rel}","templated":true}]}}