{"id":1301,"date":"2015-04-27T08:48:05","date_gmt":"2015-04-27T06:48:05","guid":{"rendered":"http:\/\/www.padovagrandeguerra.it\/?p=1301"},"modified":"2015-04-27T09:07:57","modified_gmt":"2015-04-27T07:07:57","slug":"monumenti-ad-arzergrande","status":"publish","type":"post","link":"https:\/\/www.padovagrandeguerra.it\/?p=1301","title":{"rendered":"Monumenti ad Arzergrande"},"content":{"rendered":"<p>Il centenario della Grande Guerra \u00e8 stata l&#8217;occasione, per il Comune di Arzergrande e la Sezione di Padova dell&#8217;Associazione nazionale Alpini &#8211; Gruppo Brigate Alpine di Piove di Sacco, di pubblicare un opuscolo, curato da <strong>Antonio Maritan,<\/strong> sui monumenti presenti nel territorio comunale e dedicati alle Forze armate. Si scopre cos\u00ec che ve ne sono altri, oltre ai due pi\u00f9 noti monumenti ai Caduti di Arzergrande e della frazione Vallonga, da cui comunque\u00a0il lavoro prende avvio. Lo scopo, come dice l&#8217;autore, \u00e8 che questi Monumenti possano continuare a parlare alle nuove generazioni &#8220;come racconti scolpiti&#8221;.<\/p>\n<p><a href=\"https:\/\/www.padovagrandeguerra.it\/wp-content\/uploads\/2015\/04\/Monum-Arzergrande001.jpg\"><img loading=\"lazy\" class=\" size-medium wp-image-1305 alignleft\" src=\"https:\/\/www.padovagrandeguerra.it\/wp-content\/uploads\/2015\/04\/Monum-Arzergrande001-295x300.jpg\" alt=\"Monum-Arzergrande001\" width=\"295\" height=\"300\" srcset=\"https:\/\/www.padovagrandeguerra.it\/wp-content\/uploads\/2015\/04\/Monum-Arzergrande001-295x300.jpg 295w, https:\/\/www.padovagrandeguerra.it\/wp-content\/uploads\/2015\/04\/Monum-Arzergrande001.jpg 709w\" sizes=\"(max-width: 295px) 100vw, 295px\" \/><\/a>L&#8217;opuscolo di Maritan prende avvio con la storia del <strong>monumento ai Caduti di Arzergrande<\/strong>, che anche qui si costitu\u00ec come in gran parte dei Comuni italiani. La raccolta and\u00f2 tuttavia\u00a0a rilento e per realizzare il monumento serv\u00ec il concorso economico del Comune: il monumento fu inaugurato\u00a0solo nel 1929, in occasione dell&#8217;anniversario della vittoria, il 4 novembre. L&#8217;opera, cui dedicheremo un articolo di approfondimento per il suo valore, presenta un gruppo con\u00a0due figure maschili (l&#8217;Eroe vincitore e il Caduto) con alle spalle una madre con in braccio un bambino (la Vedova e un Orfano di guerra). Significativa la posizione scelta, di fronte alla scuola (oggi \u00e8 compreso all&#8217;interno del recinto del giardino scolastico) inaugurata pochi anni prima, nel 1923. L&#8217;autore non \u00e8 citato dalle fonti\u00a0ma \u00e8 probabile si tratti di\u00a0Paolo Boldrin.<br \/>\nNel 1928 il Comune di Arzergrande aveva deciso l&#8217;istituzione anche di un parco della Rimembranza, con la piantumazione di 61 ligustri a corona del monumento ai Caduti, con altrettante placche, ora scomparse.<\/p>\n<p>Pi\u00f9 veloci a raccogliere i fondi per il loro <strong>monumento ai Caduti<\/strong> furono gli abitanti di <strong>Vallonga<\/strong>, che gi\u00e0 nel 1922 realizzarono un&#8217;opera pi\u00f9 sobria, una colonna posta su un alto basamento e sormontata da un&#8217;aquila bronzea. A met\u00e0, la colonna \u00e8 cinta da un fregio con foglie di alloro, quercia e stelle a cinque punte. In origine il monumento era collocato nel sagrato della chiesa parrocchiale e fu spostato nella posizione attuale, poco lontano, nel 2002. Non \u00e8 noto l&#8217;autore ma una targa riporta la ditta esecutrice, &#8220;D. Tedeschi e figlio Padova&#8221;.<\/p>\n<p>Un terzo monumento dedicato alla Grande Guerra fu inaugurato pi\u00f9 di recente: \u00e8 quello ai <strong>Cavalieri di Vittorio Veneto<\/strong>, posto nel 1999 nell&#8217;omonima piazza tra via Vigna e viale Stazione. Si tratta di\u00a0una grande pietra di\u00a0colore rosato proveniente dall&#8217;altopiano di Asiago su cui \u00e8 affissa una targa metallica; dietro, un albero a foglie caduche, spoglio d&#8217;inverno e verdeggiante d&#8217;estate, sembra avvolgere il monumento e ne diviene parte, in qualche modo, a tutti gli effetti. Da notare come il monumento sia stato voluto dai reduci della Seconda guerra mondiale, presieduti dall&#8217;allora presidente cav. Giovanni Toson, per ricordare i loro padri combattenti nella Grande Guerra.\u00a0L&#8217;opuscolo riporta quindi i nomi dei Cavalieri di Vittorio Veneto del Comune, evidenziando in particolare i &#8220;ragazzi del &#8217;99&#8221;.<\/p>\n<p>Due\u00a0sono gli altri monumenti di cui si occupa l&#8217;opuscolo: per primo il <strong>monumento al Lagunare<\/strong>, posto anch&#8217;esso di fronte alla scuola media di Arzergrande, ma sul lato opposto della strada. L&#8217;opera ricorda i soccorsi portati dai Lagunari alla popolazione civile durante la disastrosa alluvione del 1966 che colp\u00ec anche Arzergrande. In una vasca ricolma d&#8217;acqua affiora una barca dalla quale un lagunare tende la mano per salvare una donna travolta dall&#8217;alluvione. Alle spalle, lo stemma del reggimento (Leone di San Marco detto MAO &#8211; Mostrina Avambraccio Ordinaria ) \u00e8 incastonato nel muretto che fa da quinta al monumento. Inaugurato il 23 giugno 2002, fu realizzato dallo scultore Valmer Peccenini di Codevigo su progetto del geom. Renato Brugiolo, entrambi lagunari, e fortemente voluto dall&#8217;ALTA, Associazione Lagunari e Truppe Anfibie.<\/p>\n<p>Il\u00a0<strong>monumento ai caduti di Nassiriya<\/strong>\u00a0si trova invece nell&#8217;omonima piazzetta in via dei Faggi (laterale di viale Stazione) accanto a un&#8217;area gioco per bambini: \u00e8 composto da una semplice roccia su cui sono incastonate quattro formelle in bronzo con i simboli dei caduti dell&#8217;attentato, avvenuto in Iraq il 12 novembre 2003. Dietro il cippo si innalza un pennone con il Tricolore. Anche in questo caso un albero, un faggio, \u00e8 posto vicino al monumento e ne forma un tutt&#8217;uno. Inaugurato il 7 settembre 2008, fu voluto dall&#8217;associazione dei Lagunari ALTA ed \u00e8 opera del Peccenini.<\/p>\n<p>L&#8217;opuscolo si chiude con l&#8217;elenco dei Caduti\u00a0della Prima e della Seconda guerra mondiale di entrambe le frazioni e con\u00a0una pagina dedicata\u00a0a &#8220;uno per tutti&#8221;: la Medaglia d&#8217;Oro al Valor militare e alla Memoria Enzo Giraldo (1918-1945), nativo di Arzergrande, volontario partigiano caduto a 17\u00a0anni.<\/p>\n","protected":false},"excerpt":{"rendered":"<div class=\"mh-excerpt\"><p>Il centenario della Grande Guerra \u00e8 stata l&#8217;occasione, per il Comune di Arzergrande e la Sezione di Padova dell&#8217;Associazione nazionale Alpini &#8211; Gruppo Brigate Alpine <a class=\"mh-excerpt-more\" href=\"https:\/\/www.padovagrandeguerra.it\/?p=1301\" title=\"Monumenti ad Arzergrande\">[&#8230;]<\/a><\/p>\n<\/div>","protected":false},"author":1,"featured_media":1304,"comment_status":"open","ping_status":"open","sticky":false,"template":"","format":"standard","meta":[],"categories":[1,42,38,77],"tags":[172,173,90],"views":5192,"_links":{"self":[{"href":"https:\/\/www.padovagrandeguerra.it\/index.php?rest_route=\/wp\/v2\/posts\/1301"}],"collection":[{"href":"https:\/\/www.padovagrandeguerra.it\/index.php?rest_route=\/wp\/v2\/posts"}],"about":[{"href":"https:\/\/www.padovagrandeguerra.it\/index.php?rest_route=\/wp\/v2\/types\/post"}],"author":[{"embeddable":true,"href":"https:\/\/www.padovagrandeguerra.it\/index.php?rest_route=\/wp\/v2\/users\/1"}],"replies":[{"embeddable":true,"href":"https:\/\/www.padovagrandeguerra.it\/index.php?rest_route=%2Fwp%2Fv2%2Fcomments&post=1301"}],"version-history":[{"count":5,"href":"https:\/\/www.padovagrandeguerra.it\/index.php?rest_route=\/wp\/v2\/posts\/1301\/revisions"}],"predecessor-version":[{"id":1308,"href":"https:\/\/www.padovagrandeguerra.it\/index.php?rest_route=\/wp\/v2\/posts\/1301\/revisions\/1308"}],"wp:featuredmedia":[{"embeddable":true,"href":"https:\/\/www.padovagrandeguerra.it\/index.php?rest_route=\/wp\/v2\/media\/1304"}],"wp:attachment":[{"href":"https:\/\/www.padovagrandeguerra.it\/index.php?rest_route=%2Fwp%2Fv2%2Fmedia&parent=1301"}],"wp:term":[{"taxonomy":"category","embeddable":true,"href":"https:\/\/www.padovagrandeguerra.it\/index.php?rest_route=%2Fwp%2Fv2%2Fcategories&post=1301"},{"taxonomy":"post_tag","embeddable":true,"href":"https:\/\/www.padovagrandeguerra.it\/index.php?rest_route=%2Fwp%2Fv2%2Ftags&post=1301"}],"curies":[{"name":"wp","href":"https:\/\/api.w.org\/{rel}","templated":true}]}}