{"id":1203,"date":"2015-03-28T10:18:49","date_gmt":"2015-03-28T09:18:49","guid":{"rendered":"http:\/\/www.padovagrandeguerra.it\/?p=1203"},"modified":"2015-03-28T10:30:09","modified_gmt":"2015-03-28T09:30:09","slug":"editoria-e-grande-guerra-suggerimenti","status":"publish","type":"post","link":"https:\/\/www.padovagrandeguerra.it\/?p=1203","title":{"rendered":"Editoria e Grande Guerra: suggerimenti"},"content":{"rendered":"<p>In un clima di rinnovato interesse per tutto ci\u00f2 che riguarda la prima guerra mondiale nelle sue molteplici sfaccettature, anche il mondo dell\u2019editoria non sta a guardare e recita la sua parte proponendo innumerevoli, interessanti letture.<\/p>\n<p>Senza voler essere necessariamente esaustivi, partiamo dai prodromi del conflitto e da due domande che immancabilmente rimbalzano: fu inevitabile la grande guerra? Dall&#8217;assassinio dell&#8217;arciduca Francesco Ferdinando a Sarajevo doveva necessariamente scaturire un conflitto mondiale? Le risposte, intelligenti e per nulla scontate, in due libri: quello scritto a quattro mani da Franco Cardini e Sergio Valzania, <em>La scintilla. Da Tripoli a Sarajevo: come l\u2019Italia provoc\u00f2 la prima guerra mondiale<\/em> (Mondadori, p. 208, 19 euro), cui si affianca <em>1914: attacco a Occidente<\/em> dello storico Gian Enrico Rusconi (il Mulino, p. 320, 24 euro).<\/p>\n<p>Proseguiamo la nostra carrellata con la narrativa. Fra le nuove opere, merita gli scudi <em>Presagio<\/em> (Sellerio, p. 155, 12 euro), il nuovissimo romanzo di Andrea Molesini, ambientato alla fine di luglio del 1914: il presentimento di guerra che aleggia sull\u2019Europa, aleggia pure sugli ospiti del leggendario hotel Excelsior al lido di Venezia, intrecciando le vite di personaggi realmente esistiti con figure di romantica invenzione. Segnaliamo poi la ristampa di un vecchio romanzo, <em>Il grande balipedio<\/em> (Endemunde, p. 160, 11,90 euro), tra le pi\u00f9 intense pagine dello scrittore veneziano Carlo della Corte, scomparso una quindicina d\u2019anni fa. Un balipedio, spiega il dizionario, \u00e8 un campo sperimentale per il tiro dei cannoni e per altre esercitazioni a fuoco: cos\u00ec appare il fronte dell\u2019Isonzo, martoriato da una tempesta d\u2019armi d\u2019ogni tipo, un colossale tiro a segno sovente funestato dal cinismo degli alti comandi. Passando agli autori d\u2019oltralpe, <em>Ci rivediamo lass\u00f9<\/em> di Pierre Lemaitre (Mondadori, p. 452, 17,50 euro), 500 mila copie vendute in Francia, \u00e8 un affresco di rara potenza evocativa, che rivela gli affanni di due sopravvissuti alla carneficina della Grande Guerra, condannati a una vita grama da emarginati. Tornando alle ristampe, imperdibile la raccolta <em>La paura e altri racconti della Grande Guerra<\/em> di Federico de Roberto (e\/o, p. 139, 14 euro): un eroe per caso, protagonista d\u2019una involontaria, esilarante impresa; un eroe vero che, al cospetto dell\u2019orrore, preferisce disertare dalla vita; un disertore che dal suo domestico rifugio era creduto eroe. Eccola, con i protagonisti verosimili delle storie di De Roberto, la guerra vista \u00abdal di dentro\u00bb.<\/p>\n<p>Trattando della nostra regione, una buona lettura \u00e8 <em>Vigilie 1914-1918<\/em> di Antonietta Giacomelli (il Poligrafo, p. 457, 18 euro), una ormai dimenticata scrittrice veneta originaria della Marca trevigiana, sorretta da una forte fede in Dio e nella Patria, che visse quegli anni con forte intensit\u00e0 e partecipazione. Quella della Giacomelli, \u00e8 una vivida testimonianza sullo spirito dell\u2019epoca e sull\u2019angoscia di una guerra che invase le terre venete e sconquass\u00f2 la vita delle comunit\u00e0 civili. Nicoletta, la crocerossina protagonista e voce narrante del suo libro, riporta con semplicit\u00e0 e minuzia la vita quotidiana del Veneto sconvolto dal conflitto, che non guarda in faccia nessuno, dai ricchi proprietari fondiari ai contadini diseredati.<\/p>\n<p>C\u2019inoltriamo, da ultimo, in un territorio piuttosto inesplorato dalla storiografia e dalla pubblicistica. Qual \u00e8 stato il ruolo delle donne italiane nella grande guerra? In tutti i paesi belligeranti, il conflitto fu occasione di emancipazione per le donne che si trovarono a rimpiazzare in molte funzioni gli uomini partiti per le linee di combattimento, e in qualche modo andarono in guerra pure loro: come crocerossine, come portatrici in Carnia, come \u201cbelle signorine\u201d nelle retrovie a sollievo delle truppe. Ma anche donne che hanno avuto una parte di primo piano nelle cronache del tempo e che talora sono state anche riconosciute e ammirate dai contemporanei. Ma poi, appena si raffredd\u00f2 la memoria comune, passarono nel silenzio di una sepoltura che venne considerata naturale. Come non ricordare le figure della regina Elena che trasform\u00f2 il Quirinale in ospedale, delle intellettuali che militarono pro o contro la guerra, da Margherita Sarfatti a Eva Amendola e Angelica Balabanoff, alla dimenticata maestra dell\u2019antimilitarismo Fanny dal Ry per finire con Rosa Genoni, pioniera della moda italiana, che abbandon\u00f2 il lavoro e si batt\u00e9 contro la guerra? Le loro parabole esistenziali sono narrate in <em>Donne nella grande guerra <\/em>(il Mulino, p. 240, 22,00 euro)<em>,<\/em> volume curato dal collettivo di autrici che fanno parte di Controparola, un gruppo di giornaliste e scrittrici nato nel 1992 per iniziativa di Daria Maraini. Sulla partecipazione della componente femminile \u00e8 pure imperniato <em>Una patria per le donne. La mobilitazione femminile nella grande guerra<\/em> di Augusta Molinari (il Mulino, p. 249, 20 euro), che propone un aspetto ripetutamente dimenticato: facendo propria la convinzione di un&#8217;estraneit\u00e0 delle donne al conflitto, la storiografia ha analizzato prevalentemente gli episodi di ostilit\u00e0 alla guerra da parte di donne operaie e contadine o qualche iniziativa isolata di donne dei ceti abbienti e di \u00e9lite femminili intellettuali. Queste pagine forniscono, invece, un quadro complessivo delle attivit\u00e0 di assistenza e di propaganda svolte dalle donne, in prima persona mobilitate a sostegno del primo conflitto mondiale.<\/p>\n<p>Alberto Espen<\/p>\n","protected":false},"excerpt":{"rendered":"<div class=\"mh-excerpt\"><p>In un clima di rinnovato interesse per tutto ci\u00f2 che riguarda la prima guerra mondiale nelle sue molteplici sfaccettature, anche il mondo dell\u2019editoria non sta <a class=\"mh-excerpt-more\" href=\"https:\/\/www.padovagrandeguerra.it\/?p=1203\" title=\"Editoria e Grande Guerra: suggerimenti\">[&#8230;]<\/a><\/p>\n<\/div>","protected":false},"author":4,"featured_media":1208,"comment_status":"open","ping_status":"open","sticky":false,"template":"","format":"standard","meta":[],"categories":[69,3,77],"tags":[32],"views":3082,"_links":{"self":[{"href":"https:\/\/www.padovagrandeguerra.it\/index.php?rest_route=\/wp\/v2\/posts\/1203"}],"collection":[{"href":"https:\/\/www.padovagrandeguerra.it\/index.php?rest_route=\/wp\/v2\/posts"}],"about":[{"href":"https:\/\/www.padovagrandeguerra.it\/index.php?rest_route=\/wp\/v2\/types\/post"}],"author":[{"embeddable":true,"href":"https:\/\/www.padovagrandeguerra.it\/index.php?rest_route=\/wp\/v2\/users\/4"}],"replies":[{"embeddable":true,"href":"https:\/\/www.padovagrandeguerra.it\/index.php?rest_route=%2Fwp%2Fv2%2Fcomments&post=1203"}],"version-history":[{"count":2,"href":"https:\/\/www.padovagrandeguerra.it\/index.php?rest_route=\/wp\/v2\/posts\/1203\/revisions"}],"predecessor-version":[{"id":1207,"href":"https:\/\/www.padovagrandeguerra.it\/index.php?rest_route=\/wp\/v2\/posts\/1203\/revisions\/1207"}],"wp:featuredmedia":[{"embeddable":true,"href":"https:\/\/www.padovagrandeguerra.it\/index.php?rest_route=\/wp\/v2\/media\/1208"}],"wp:attachment":[{"href":"https:\/\/www.padovagrandeguerra.it\/index.php?rest_route=%2Fwp%2Fv2%2Fmedia&parent=1203"}],"wp:term":[{"taxonomy":"category","embeddable":true,"href":"https:\/\/www.padovagrandeguerra.it\/index.php?rest_route=%2Fwp%2Fv2%2Fcategories&post=1203"},{"taxonomy":"post_tag","embeddable":true,"href":"https:\/\/www.padovagrandeguerra.it\/index.php?rest_route=%2Fwp%2Fv2%2Ftags&post=1203"}],"curies":[{"name":"wp","href":"https:\/\/api.w.org\/{rel}","templated":true}]}}