{"id":1166,"date":"2015-03-08T21:19:39","date_gmt":"2015-03-08T20:19:39","guid":{"rendered":"http:\/\/www.padovagrandeguerra.it\/?p=1166"},"modified":"2015-03-20T08:06:40","modified_gmt":"2015-03-20T07:06:40","slug":"enrico-gadda-aviatore","status":"publish","type":"post","link":"https:\/\/www.padovagrandeguerra.it\/?p=1166","title":{"rendered":"Enrico Gadda, aviatore"},"content":{"rendered":"<p><span class=\"Apple-style-span\">Il fratello lo defin\u00ec &#8220;la parte migliore e pi\u00f9 cara di me stesso&#8221; (\u00abGiornale di guerra e di prigionia\u00bb, 1955). E il fratello era uno dei pi\u00f9 grandi narratori italiani del Novecento, Carlo Emilio Gadda. Ma in questo post vogliamo parlare di Enrico Gadda, l&#8217;aviatore. E partiamo dalla fine: la sua morte. Cadde infatti con il suo aereo, il 23 aprile\u00a01918,\u00a0mentre stava per atterrare nel principale\u00a0dei due\u00a0campi di volo militari allestiti a San Pietro in Gu, nell&#8217;alta padovana.<\/span><\/p>\n<p>Torniamo indietro e rivediamo le vite dei due fratelli fino alla Grande Guerra. Enrico Gadda era il pi\u00f9 giovane\u00a0dei due ed era nato a Milano il 16 novembre 1896. La famiglia era benestante, il padre industriale della seta, e nella villa di campagna di Longone al Segrino (Como) Enrico fu\u00a0compagno di giochi di Carlo Emilio, nato tre anni prima, il 14 novembre 1893: i due avevano quasi in comune anche il compleanno.\u00a0Rimasti orfani di padre, entrambi\u00a0scelsero poi strade professionali simili\u00a0e\u00a0si iscrissero alla facolt\u00e0 di Ingegneria del Politecnico milanese (bench\u00e9 Carlo Emilio preferisse la letteratura).<\/p>\n<p>I due\u00a0fratelli erano convinti interventisti: si arruolarono entrambi come volontari all&#8217;entrata in guerra dell&#8217;Italia nel corpo degli Alpini. Impiegato nelle zone montane trentine e vicentine, Carlo Emilio fu fatto prigioniero durante la ritirata di Caporetto\u00a0e deportato: seppe della morte del fratello solo a guerra finita. Durante\u00a0la sua esperienza di guerra tenne dei diari, usciti nel 1955 con il titolo\u00a0<span class=\"Apple-style-span\">\u00abGiornale di guerra e di prigionia\u00bb.<br \/>\n<\/span>Enrico Gadda si distinse maggiormente (5\u00b0 reggimento) e nel 1916 fu promosso sottotenente. I combattimenti sul monte Sperone (20-21 aprile 1916) gli valsero la medaglia di Bronzo al valor militare con la seguente motivazione:<\/p>\n<blockquote><p><span class=\"Apple-style-span\"><i>Vincendo gravi ostacoli di terreno mediante cordata raggiungeva ed esplorava primo, con l&#8217;uomo di punta un&#8217;opera nemica per la presenza dell&#8217;avversario. Mortogli al fianco il capitano assumeva il comando dei nuclei pi\u00f9 esposti e maggiormente impegnati col nemico superiore di forze, dando sagge disposizioni pel ripiegamento e rientrando per ultimo. Monte Sperone, 20-21 aprile 1916<\/i>.<\/span><\/p><\/blockquote>\n<p><a href=\"https:\/\/www.padovagrandeguerra.it\/wp-content\/uploads\/2015\/03\/Gadda-Enrico-Azzini.jpg\"><img loading=\"lazy\" class=\" size-medium wp-image-1170 alignright\" src=\"https:\/\/www.padovagrandeguerra.it\/wp-content\/uploads\/2015\/03\/Gadda-Enrico-Azzini-218x300.jpg\" alt=\"Gadda-Enrico-Azzini\" width=\"218\" height=\"300\" srcset=\"https:\/\/www.padovagrandeguerra.it\/wp-content\/uploads\/2015\/03\/Gadda-Enrico-Azzini-218x300.jpg 218w, https:\/\/www.padovagrandeguerra.it\/wp-content\/uploads\/2015\/03\/Gadda-Enrico-Azzini-743x1024.jpg 743w, https:\/\/www.padovagrandeguerra.it\/wp-content\/uploads\/2015\/03\/Gadda-Enrico-Azzini.jpg 1028w\" sizes=\"(max-width: 218px) 100vw, 218px\" \/><\/a>Nel 1917 coron\u00f2 il sogno di diventare pilota entrando a fare parte del Corpo aeronautico.\u00a0Dopo un primo periodo di voli di ricognizione e su caccia e una pausa durante l&#8217;inverno, nel marzo 1918 fu dislocato al campo di volo di San Pietro in Gu,\u00a0quello in funzione dalla primavera 1917 e\u00a0detto della Poianella\u00a0per distinguerlo da\u00a0un secondo campo allestito qualche mese dopo, a pochi passi, lungo\u00a0la strada per Nove e dove operarono squadriglie inglesi. Alla Poianella operava\u00a0<span class=\"Apple-style-span\">la 1\u00aa Sezione della 83\u00aa Squadriglia da caccia al comando del capitano Rino Corso Fougier (considerato il &#8220;padre&#8221; dell&#8217;acrobazia italiana).<\/span><\/p>\n<p>Enrico Gadda mor\u00ec, come detto, proprio qui: il suo velivolo Nieuport Ni.27 sub\u00ec\u00a0un incidente in fase di atterraggio, per errata manovra o per malore, di ritorno da un normale\u00a0volo di scorta di un velivolo da ricognizione e bombardamento come lo SVA Ansaldo.\u00a0Per il valore della sua attivit\u00e0 bellica fu insignito di una nuova medaglia al valor militare, postuma, stavolta d&#8217;Argento.<\/p>\n<blockquote><p><i>Ardito e instancabile pilota d&#8217;aeroplano, nell&#8217;adempimento di ogni suo mandato dimostr\u00f2 noncuranza del pericolo e ammirevole slancio offensivo. Nei numerosi suoi voli di scorta e di caccia, impegn\u00f2, spesso in difficili condizioni e con rara audacia, combattimenti con veicoli nemici, riuscendo sempre a metterli in fuga. Di ritorno da un lungo volo sul nemico, precipitava sul suolo, incontrando gloriosa morte. Cielo d&#8217;Asiago, aprile 1918.<\/i><\/p><\/blockquote>\n<p>Il suo corpo riposa nel cimitero di Longone al Segrino. Il fratello Carlo Emilio, come detto, seppe della morte di Enrico solo al ritorno dalla prigionia, cosa che contribu\u00ec a gettarlo in uno stato di depressione e che lo segner\u00e0 per tutta la vita; Enrico \u00e8 tra le fonti di ispirazione dirette del romanzo \u00abLa cognizione del dolore\u00bb.<\/p>\n<p>A Enrico Gadda \u00e8 dedicato il volume di Enrico Azzini, \u00ab<span class=\"Apple-style-span\"><a href=\"ttp:\/\/www.ibneditore.it\/shop\/azzini-e-il-tenente-pilota-enrico-gadda-breve-vita-del-gadda-bello-spensierato-e-aviatore\/\" target=\"_blank\"><span style=\"color: #993300;\">Il tenente pilota Enrico Gadda. Breve vita del Gadda bello, spensierato e aviatore<\/span><\/a>\u00bb, IBN editore, Roma 2014 (Collana Aviolibri, Dossier 16).\u00a0Segnaliamo anche il sito internet <a href=\"https:\/\/aviodada.wordpress.com\/category\/carlo-emilio-gadda\/\" target=\"_blank\">aviodada.wordpress.com<\/a>\u00a0dove vi sono ulteriori approfondimenti sul volume e foto di Enrico Gadda.<\/span><\/p>\n","protected":false},"excerpt":{"rendered":"<div class=\"mh-excerpt\"><p>Il fratello lo defin\u00ec &#8220;la parte migliore e pi\u00f9 cara di me stesso&#8221; (\u00abGiornale di guerra e di prigionia\u00bb, 1955). E il fratello era uno <a class=\"mh-excerpt-more\" href=\"https:\/\/www.padovagrandeguerra.it\/?p=1166\" title=\"Enrico Gadda, aviatore\">[&#8230;]<\/a><\/p>\n<\/div>","protected":false},"author":1,"featured_media":1184,"comment_status":"open","ping_status":"open","sticky":false,"template":"","format":"standard","meta":[],"categories":[84,4,42,77],"tags":[139,87,159,158,160],"views":5500,"_links":{"self":[{"href":"https:\/\/www.padovagrandeguerra.it\/index.php?rest_route=\/wp\/v2\/posts\/1166"}],"collection":[{"href":"https:\/\/www.padovagrandeguerra.it\/index.php?rest_route=\/wp\/v2\/posts"}],"about":[{"href":"https:\/\/www.padovagrandeguerra.it\/index.php?rest_route=\/wp\/v2\/types\/post"}],"author":[{"embeddable":true,"href":"https:\/\/www.padovagrandeguerra.it\/index.php?rest_route=\/wp\/v2\/users\/1"}],"replies":[{"embeddable":true,"href":"https:\/\/www.padovagrandeguerra.it\/index.php?rest_route=%2Fwp%2Fv2%2Fcomments&post=1166"}],"version-history":[{"count":16,"href":"https:\/\/www.padovagrandeguerra.it\/index.php?rest_route=\/wp\/v2\/posts\/1166\/revisions"}],"predecessor-version":[{"id":1205,"href":"https:\/\/www.padovagrandeguerra.it\/index.php?rest_route=\/wp\/v2\/posts\/1166\/revisions\/1205"}],"wp:featuredmedia":[{"embeddable":true,"href":"https:\/\/www.padovagrandeguerra.it\/index.php?rest_route=\/wp\/v2\/media\/1184"}],"wp:attachment":[{"href":"https:\/\/www.padovagrandeguerra.it\/index.php?rest_route=%2Fwp%2Fv2%2Fmedia&parent=1166"}],"wp:term":[{"taxonomy":"category","embeddable":true,"href":"https:\/\/www.padovagrandeguerra.it\/index.php?rest_route=%2Fwp%2Fv2%2Fcategories&post=1166"},{"taxonomy":"post_tag","embeddable":true,"href":"https:\/\/www.padovagrandeguerra.it\/index.php?rest_route=%2Fwp%2Fv2%2Ftags&post=1166"}],"curies":[{"name":"wp","href":"https:\/\/api.w.org\/{rel}","templated":true}]}}