{"id":1106,"date":"2015-02-13T14:50:33","date_gmt":"2015-02-13T13:50:33","guid":{"rendered":"http:\/\/www.padovagrandeguerra.it\/?p=1106"},"modified":"2015-02-13T14:54:00","modified_gmt":"2015-02-13T13:54:00","slug":"gli-acquerelli-di-pierangelo-villani","status":"publish","type":"post","link":"https:\/\/www.padovagrandeguerra.it\/?p=1106","title":{"rendered":"Gli acquerelli di Pierangelo Villani"},"content":{"rendered":"<p>&#8220;<em>Disegni di raffinata bellezza, di grande respiro<\/em>&#8220;. Gabriella Villani definisce cos\u00ec, nel volume &#8220;La grande guerra. Storia, pensieri, immagini&#8221;, i lavori\u00a0di suo padre Pierangelo, e non si pu\u00f2 darle torto. Eppure, se si pensa che tra i lavori dell&#8217;artista vi sono quelli che la famiglia ha donato al museo della Terza armata, un quaderno di\u00a0acquerelli\u00a0(cm. 23 x 16) che furono realizzati in piena guerra e lungo la linea del fronte, si rimane sbalorditi: tali parole si adattano anche a questi. Non sono trincee, cannoni, soldati: sono paesaggi schizzati velocemente da chi, nelle pause tra le battaglie e i turni di guardia, vedeva il mondo come avrebbe dovuto essere o come forse sognava di ritrovarlo riaprendo gli occhi dopo un breve riposo. Si tratta per lo pi\u00f9 di vedute della pedemontana, paesaggi dal Grappa ad Asolo, da Cornuda a Vidor e altre localit\u00e0 visibili dal fronte lungo\u00a0il Piave.<\/p>\n<figure id=\"attachment_1109\" aria-describedby=\"caption-attachment-1109\" style=\"width: 195px\" class=\"wp-caption alignright\"><a href=\"https:\/\/www.padovagrandeguerra.it\/wp-content\/uploads\/2015\/02\/Villani-Pierangelo-Cornuda.jpg\"><img loading=\"lazy\" class=\"wp-image-1109 size-medium\" src=\"https:\/\/www.padovagrandeguerra.it\/wp-content\/uploads\/2015\/02\/Villani-Pierangelo-Cornuda-195x300.jpg\" alt=\"Cornuda\" width=\"195\" height=\"300\" srcset=\"https:\/\/www.padovagrandeguerra.it\/wp-content\/uploads\/2015\/02\/Villani-Pierangelo-Cornuda-195x300.jpg 195w, https:\/\/www.padovagrandeguerra.it\/wp-content\/uploads\/2015\/02\/Villani-Pierangelo-Cornuda.jpg 461w\" sizes=\"(max-width: 195px) 100vw, 195px\" \/><\/a><figcaption id=\"caption-attachment-1109\" class=\"wp-caption-text\">Cornuda<\/figcaption><\/figure>\n<p>Ma chi era Pierangelo Villani? Era nato il 10 novembre 1895 da Pietro, anch&#8217;esso pittore, siciliano, mentre la madre Erminia era milanese. Nato a Zurigo, studente al Politecnico di Torino, si arruol\u00f2 volontario e part\u00ec per la guerra il 1\u00b0 giugno 1915 munito del suo taccuino e dei colori. Merit\u00f2\u00a0una Croce di guerra e un encomio solenne. Giunse a <a href=\"https:\/\/www.padovagrandeguerra.it\/?tag=padova\">Padova<\/a> nel 1934, dopo essersi diplomato all&#8217;Accadema d&#8217;arte e avere esercitato come insegnante in Sardegna e nelle colonie di oltremare e a <a href=\"https:\/\/www.padovagrandeguerra.it\/?tag=montagnana\">Montagnana<\/a>. A Padova visse il resto della sua esistenza e mor\u00ec nel 1978. Molti dei suoi lavori furono donati dai figli all&#8217;Universit\u00e0, ai Musei civici e, appunto, al museo della Terza Armata, dove ancora \u00e8\u00a0custodito il prezioso quaderno. l Villani\u00a0il Comune di Padova ha dedicato una mostra nel 1996-97.<\/p>\n","protected":false},"excerpt":{"rendered":"<div class=\"mh-excerpt\"><p>&#8220;Disegni di raffinata bellezza, di grande respiro&#8220;. Gabriella Villani definisce cos\u00ec, nel volume &#8220;La grande guerra. Storia, pensieri, immagini&#8221;, i lavori\u00a0di suo padre Pierangelo, e <a class=\"mh-excerpt-more\" href=\"https:\/\/www.padovagrandeguerra.it\/?p=1106\" title=\"Gli acquerelli di Pierangelo Villani\">[&#8230;]<\/a><\/p>\n<\/div>","protected":false},"author":1,"featured_media":1108,"comment_status":"open","ping_status":"open","sticky":false,"template":"","format":"standard","meta":[],"categories":[41,4,77],"tags":[143,108,208],"views":4674,"_links":{"self":[{"href":"https:\/\/www.padovagrandeguerra.it\/index.php?rest_route=\/wp\/v2\/posts\/1106"}],"collection":[{"href":"https:\/\/www.padovagrandeguerra.it\/index.php?rest_route=\/wp\/v2\/posts"}],"about":[{"href":"https:\/\/www.padovagrandeguerra.it\/index.php?rest_route=\/wp\/v2\/types\/post"}],"author":[{"embeddable":true,"href":"https:\/\/www.padovagrandeguerra.it\/index.php?rest_route=\/wp\/v2\/users\/1"}],"replies":[{"embeddable":true,"href":"https:\/\/www.padovagrandeguerra.it\/index.php?rest_route=%2Fwp%2Fv2%2Fcomments&post=1106"}],"version-history":[{"count":4,"href":"https:\/\/www.padovagrandeguerra.it\/index.php?rest_route=\/wp\/v2\/posts\/1106\/revisions"}],"predecessor-version":[{"id":1112,"href":"https:\/\/www.padovagrandeguerra.it\/index.php?rest_route=\/wp\/v2\/posts\/1106\/revisions\/1112"}],"wp:featuredmedia":[{"embeddable":true,"href":"https:\/\/www.padovagrandeguerra.it\/index.php?rest_route=\/wp\/v2\/media\/1108"}],"wp:attachment":[{"href":"https:\/\/www.padovagrandeguerra.it\/index.php?rest_route=%2Fwp%2Fv2%2Fmedia&parent=1106"}],"wp:term":[{"taxonomy":"category","embeddable":true,"href":"https:\/\/www.padovagrandeguerra.it\/index.php?rest_route=%2Fwp%2Fv2%2Fcategories&post=1106"},{"taxonomy":"post_tag","embeddable":true,"href":"https:\/\/www.padovagrandeguerra.it\/index.php?rest_route=%2Fwp%2Fv2%2Ftags&post=1106"}],"curies":[{"name":"wp","href":"https:\/\/api.w.org\/{rel}","templated":true}]}}