{"id":1081,"date":"2015-02-09T22:25:07","date_gmt":"2015-02-09T21:25:07","guid":{"rendered":"http:\/\/www.padovagrandeguerra.it\/?p=1081"},"modified":"2015-04-01T08:36:48","modified_gmt":"2015-04-01T06:36:48","slug":"luniversita-popolare-studia-la-grande-guerra","status":"publish","type":"post","link":"https:\/\/www.padovagrandeguerra.it\/?p=1081","title":{"rendered":"L&#8217;Universit\u00e0 popolare a scuola di Grande Guerra"},"content":{"rendered":"<p><span class=\"Apple-style-span\" style=\"color: #000000;\">Riceviamo e pubblichiamo la proposte di iniziative avviate dall&#8217;<a href=\"http:\/\/www.unipoppd.org\" target=\"_blank\"><span style=\"color: #800000;\"><strong>Universit\u00e0 Popolare di Padova<\/strong><\/span><\/a> nell&#8217;occasione centenario del 1915 e della Grande Guerra. Si tratta di un ciclo di conferenze organizzato in collaborazione con <strong>Progetto cultur@insieme<\/strong> (coordinato dal prof. Olivieri) e il concorso &#8220;Il Sigillo&#8221; per racconti, fotografie e illustrazioni dedicato al &#8220;1915&#8221; con scadenza a maggio 2015.<br \/>\n<\/span>Le conferenze, i concerti e ogni altro incontro culturale sono organizzati in collaborazione con il <strong>Circolo Unificato dell\u2019Esercito di Padova<\/strong> e si tengono nel salone di rappre\u00adsentanza di <strong>Palazzo Zacco in Prato della Valle, 82 &#8211; Pa\u00addova<\/strong>.<\/p>\n<p><em>Il ciclo dedicato alla Grande Guerra si tiene in collaborazione con \u201cCultur@insieme\u201d, progetto multidisciplinare diretto dal Prof. Achille Olivieri e coordinato da Ottaviano Corbi e Salvatore Aiello. La Grande Guerra vista da molteplici punti di vista in particolare nella dimensione culturale, sociale ed esistenziale e non soltanto militare.<\/em><\/p>\n<p><strong><span style=\"color: #800000;\">Marted\u00ec 17 febbraio 2015 &#8211;<strong>\u00a0ore 16,30<\/strong><\/span><\/strong><br \/>\n<strong><strong>Padova capitale sanitaria della Grande Guerra<br \/>\n<\/strong><\/strong>Prof. Maurizio Rippa Bonati<br \/>\n<em>Docente e ricercatore dell&#8217;Universit\u00e0 degli Studi di Padova<\/em><\/p>\n<p><span style=\"color: #800000;\"><strong>Marted\u00ec 24 febbraio 2015 &#8211;\u00a0<strong>\u00a0ore 16,30<\/strong><\/strong><\/span><br \/>\nNell\u2019ambito di Progetto cultur@insieme \u201cLa grande guerra: tra mito e storia\u201d<strong><br \/>\nLa Brigata Sassari nella Grande Guerra: oltre il mito e la leggenda<br \/>\n<\/strong>Gen. Enrico Pino<br \/>\n<em>Generale di Corpo d\u2019Armata<br \/>\n<\/em>Al di l\u00e0 del mito creato dalle eroiche gesta dei sassarini, i fanti della Brigata \u201cSassari\u201d hanno rappresentato in seguito il prototipo del sardo in alcuni suoi aspetti caratteriali: \u201cil sardo, secondo Marcello Fois, si sarebbe identificato per sempre nei valori spirituali di quei \u201csoldati-contadini-pastori\u201d. Ma la partecipazione al conflitto ebbe anche un ruolo emancipante di quelle masse che per la prima volta \u2013 dopo l\u2019unificazione d\u2019Italia \u2013 vennero in contatto con altri italiani di cui ignoravano usi e costumi.<\/p>\n<p><strong><span style=\"color: #800000;\">Marted\u00ec 10 marzo 2015 &#8211; ore 16,30<\/span><\/strong><br \/>\nNell\u2019ambito di Progetto Cultur@insieme \u201cLa grande guerra: tra mito e storia\u201d<br \/>\n<strong>Presentazione<\/strong> del Prof. Achille Olivieri<br \/>\n<strong>Nuove esperienze artistiche durante la Grande Guerra <em>&#8211;\u00a0<\/em><\/strong><em>\u00abPittura, musica, scultura, cinema e teatro entrano in un processo nuovo che d\u00e0 avvio ad un\u2019epoca artistica e culturale.\u00bb (E.R.)<br \/>\n<\/em>Dr. E. Ruggiero &#8211;\u00a0<em>Ricercatrice (ambito umanistico\/giuridico)<\/em><\/p>\n<p><strong>La crisi di fine &#8216;800 e la rivoluzione futurista <em>&#8211;\u00a0<\/em><\/strong><em>\u00abDai manifesti del futurismo emergono nuovi codici interpretativi e rappresentativi per l&#8217;uomo novecentesco e si riconoscono i tratti caratteristici comuni con le altre avanguardie artistiche (Dadaismo in particolare) nel contesto del progresso scientifico e tecnologico di inizio &#8216;900.\u00bb (C.R.)<\/em><br \/>\nDr. C. Rocchio &#8211;\u00a0<em>Ricercatore (ambito storico\/filosofico)<\/em><\/p>\n<p><span style=\"color: #800000;\"><strong>Marted\u00ec 17 marzo 2015 &#8211; ore 16,30<\/strong><\/span><br \/>\nNell\u2019ambito di Progetto Cultur@insieme \u201cLa grande guerra: tra mito e storia\u201d<strong><br \/>\n<\/strong><strong>L&#8217;\u00abHumanitas\u00bb nella storia della Grande Guerra<\/strong><em><br \/>\n<\/em>Prof. Achille Olivieri<br \/>\n<em>Universit\u00e0 degli Studi di Padova<\/em><\/p>\n<p><span style=\"color: #800000;\"><strong>Marted\u00ec 31 marzo 2015 &#8211; ore 16,30<\/strong><\/span><br \/>\n<strong>Padova e l\u2019Industria Veneta nella Grande Guerra <em>&#8211;\u00a0<\/em><\/strong><em>Sul quartier generale della &#8220;capitale al fronte&#8221; si rovesciarono tutti i problemi, anche logistici, delle industrie ausiliarie regionali, costrette a ridurre l&#8217;attivit\u00e0.<\/em><br \/>\nProf. Giorgio Roverato<i><br \/>\n<\/i><\/p>\n<p><span style=\"color: #800000;\"><strong>Marted\u00ec 14\u00a0aprile 2015 &#8211; ore 16,30<\/strong><\/span><br \/>\n<strong><span class=\"Apple-style-span\">I mutilati italiani della\u00a0 prima guerra mondiale: dall\u2019assistenza medica alle simbologie del corpo<\/span><\/strong><br \/>\nProf.\u00a0Ugo Pavan Dalla Torre<\/p>\n<p><span style=\"color: #800000;\"><strong>Marted\u00ec 28\u00a0aprile 2015 &#8211; ore 16,30<\/strong><\/span><br \/>\n<strong>I bombardamenti a Padova\u00a0nella Prima guerra mondiale<\/strong><br \/>\nProf.\u00a0Vittorio Dal Piaz<i><br \/>\n<\/i><\/p>\n<p><span style=\"color: #800000;\"><strong>Marted\u00ec 19\u00a0maggio 2015 &#8211; ore 16,30<\/strong><\/span><br \/>\n<strong>Le canzoni della Grande Guerra<\/strong><br \/>\nProf.ssa Marisa Franceschi<\/p>\n<p>L&#8217;<strong>Universit\u00e0 Popolare di Padova<\/strong>\u00a0(<a href=\"http:\/\/www.unipoppd.org\" target=\"_blank\">www.unipoppd.org<\/a>)\u00a0fu fondata nel 1903 dalle organizzazioni mutualistiche popolari denominate Casse peote, da un gruppo di docenti dell\u2019Universit\u00e0 degli Studi di Padova, da altre organizzazioni scolastiche pubbliche e da cittadini padovani, l&#8217;Universit\u00e0 Popolare svolge attivit\u00e0 culturali come convegni, conferenze, dibattiti, seminari, proiezioni di film, concerti, mostre, visite e viaggi, di formazione ed editoriale. L&#8217;Universit\u00e0 Popolare ha sede in Corso Garibaldi n. 41\/1 e il suo simbolo \u00e8 il sigillo disegnato per l&#8217;associazione alla sua ricostituzione nell&#8217;immediato secondo dopoguerra da Amleto Sartori, di cui quest&#8217;anno Padova celebra il centenario della nascita.<\/p>\n<p class=\"Normal\">\n","protected":false},"excerpt":{"rendered":"<div class=\"mh-excerpt\"><p>Riceviamo e pubblichiamo la proposte di iniziative avviate dall&#8217;Universit\u00e0 Popolare di Padova nell&#8217;occasione centenario del 1915 e della Grande Guerra. Si tratta di un ciclo <a class=\"mh-excerpt-more\" href=\"https:\/\/www.padovagrandeguerra.it\/?p=1081\" title=\"L&#8217;Universit\u00e0 popolare a scuola di Grande Guerra\">[&#8230;]<\/a><\/p>\n<\/div>","protected":false},"author":1,"featured_media":1093,"comment_status":"open","ping_status":"open","sticky":false,"template":"","format":"standard","meta":[],"categories":[13,41,77],"tags":[],"views":3567,"_links":{"self":[{"href":"https:\/\/www.padovagrandeguerra.it\/index.php?rest_route=\/wp\/v2\/posts\/1081"}],"collection":[{"href":"https:\/\/www.padovagrandeguerra.it\/index.php?rest_route=\/wp\/v2\/posts"}],"about":[{"href":"https:\/\/www.padovagrandeguerra.it\/index.php?rest_route=\/wp\/v2\/types\/post"}],"author":[{"embeddable":true,"href":"https:\/\/www.padovagrandeguerra.it\/index.php?rest_route=\/wp\/v2\/users\/1"}],"replies":[{"embeddable":true,"href":"https:\/\/www.padovagrandeguerra.it\/index.php?rest_route=%2Fwp%2Fv2%2Fcomments&post=1081"}],"version-history":[{"count":10,"href":"https:\/\/www.padovagrandeguerra.it\/index.php?rest_route=\/wp\/v2\/posts\/1081\/revisions"}],"predecessor-version":[{"id":1217,"href":"https:\/\/www.padovagrandeguerra.it\/index.php?rest_route=\/wp\/v2\/posts\/1081\/revisions\/1217"}],"wp:featuredmedia":[{"embeddable":true,"href":"https:\/\/www.padovagrandeguerra.it\/index.php?rest_route=\/wp\/v2\/media\/1093"}],"wp:attachment":[{"href":"https:\/\/www.padovagrandeguerra.it\/index.php?rest_route=%2Fwp%2Fv2%2Fmedia&parent=1081"}],"wp:term":[{"taxonomy":"category","embeddable":true,"href":"https:\/\/www.padovagrandeguerra.it\/index.php?rest_route=%2Fwp%2Fv2%2Fcategories&post=1081"},{"taxonomy":"post_tag","embeddable":true,"href":"https:\/\/www.padovagrandeguerra.it\/index.php?rest_route=%2Fwp%2Fv2%2Ftags&post=1081"}],"curies":[{"name":"wp","href":"https:\/\/api.w.org\/{rel}","templated":true}]}}